{"id":2512,"date":"2019-07-25T10:39:55","date_gmt":"2019-07-25T15:39:55","guid":{"rendered":"http:\/\/www.zonaroja.com.mx\/?p=2512"},"modified":"2019-07-25T10:39:58","modified_gmt":"2019-07-25T15:39:58","slug":"suman-317-asesinatos-de-mujeres-en-el-gobierno-de-alejandro-murat","status":"publish","type":"post","link":"https:\/\/zonaroja.com.mx\/?p=2512","title":{"rendered":"Suman 317 asesinatos de mujeres en el gobierno de Alejandro Murat"},"content":{"rendered":"\n<p>Evlin Arag\u00f3n<\/p>\n\n\n\n<p>Oaxaca de\nJu\u00e1rez, Oax., 25 de julio de 2019.- Elodia, de 45 a\u00f1os de edad, era madre de\nfamilia. &nbsp;Este lunes fue asesinada de\nvarias pu\u00f1aladas, en un camino a la localidad de San Juan Lagunas,\nperteneciente al municipio de Putla Villa de Guerrero, zona en la que ya hab\u00eda\nocurri\u00f3 un crimen similar.<\/p>\n\n\n\n<p>Este ha sido\nel m\u00e1s reciente asesinato violento de mujeres reportado en los medios locales\nde informaci\u00f3n, quienes refieren que el cuerpo de la v\u00edctima originaria de\nMesones Hidalgo, fue hallado bocabajo a unos 100 metros de una empresa gasera,\nen la carretera Putla-San Juan Lagunas.<\/p>\n\n\n\n<p>Con este\n\u00faltimo caso el registro que realiza la organizaci\u00f3n Consorcio Oaxaca eleva su\ncifra a 317 feminicidios, en lo que va de la administraci\u00f3n de Alejandro Murat\nHinojosa. En tanto, de acuerdo con el Grupo de Estudios sobre la Mujer \u201cRosario\nCastellanos\u201d reporta 81 cr\u00edmenes en lo que va de este a\u00f1o. <\/p>\n\n\n\n<p>La base de\ndatos de Consorcio tambi\u00e9n registra el asesinato de una mujer, sin identificar,\nen un ataque armado al interior de una cantina, en la localidad de Uni\u00f3n\nHidalgo, el pasado 2 de julio.<\/p>\n\n\n\n<p>A la lista\nse incluyen Marcelina, Estela, Flavia, Aleyda, Guadalupe NM, Edith, Rosy,\n\u00c1ngela, Yolanda, Guadalupe NG, Gabriela, Margarita, Araceli, Diana y tres\nmujeres m\u00e1s sin identificar, asesinadas durante el mes de junio de este a\u00f1o.<\/p>\n\n\n\n<p>Ocho de las\nmujeres murieron a consecuencia de las heridas hechas con armas blancas, siete\ncon disparos de arma de fuego, dos por heridas en la cabeza, una atropellada y\nuna m\u00e1s sin identificar la forma de comisi\u00f3n del delito.<\/p>\n\n\n\n<p>La regi\u00f3n\nm\u00e1s violenta para las mujeres en los dos \u00faltimos meses es el Papaloapan con\ncuatro casos, seguida de la Costa, Mixteca, Istmo, Valles Centrales y Sierra\nSur con tres casos cada una y finalmente la Sierra Norte con un solo registro.<\/p>\n\n\n\n<p>Mientras las\norganizaciones sociales reportan un incremento en los casos de feminicidios en\nOaxaca con relaci\u00f3n a los datos de la administraci\u00f3n anterior, el titular de la\nFiscal\u00eda General del Estado, Rub\u00e9n Vasconcelos Mendez, ha reconocido \u00fanicamente\n18 mujeres asesinadas, que se investigan bajo la figura de feminicidio.<\/p>\n\n\n\n<p>Cifra por\nencima de lo que reporta el Secretariado Ejecutivo del Sistema Nacional de\nSeguridad P\u00fablica, que refiere 15 mujeres asesinadas de enero a junio, en la\nmayor\u00eda de los casos con el uso de armas de fuego.<\/p>\n","protected":false},"excerpt":{"rendered":"<p>Evlin Arag\u00f3n Oaxaca de Ju\u00e1rez, Oax., 25 de julio de 2019.- Elodia, de 45 a\u00f1os&hellip;<\/p>\n","protected":false},"author":2,"featured_media":1941,"comment_status":"closed","ping_status":"open","sticky":false,"template":"","format":"standard","meta":{"_lmt_disableupdate":"","_lmt_disable":"","_jetpack_memberships_contains_paid_content":false,"footnotes":""},"categories":[109,47],"tags":[399],"class_list":["post-2512","post","type-post","status-publish","format-standard","has-post-thumbnail","hentry","category-minuto-a-minuto","category-zona-gris","tag-feminicidios-en-oaxaca-en-el-gobierno-de-alejandro-murat"],"jetpack_featured_media_url":"https:\/\/zonaroja.com.mx\/wp-content\/uploads\/2019\/06\/3dd70cd5-989d-43d8-9388-85134ecc3cac.jpg","jetpack_sharing_enabled":true,"_links":{"self":[{"href":"https:\/\/zonaroja.com.mx\/index.php?rest_route=\/wp\/v2\/posts\/2512","targetHints":{"allow":["GET"]}}],"collection":[{"href":"https:\/\/zonaroja.com.mx\/index.php?rest_route=\/wp\/v2\/posts"}],"about":[{"href":"https:\/\/zonaroja.com.mx\/index.php?rest_route=\/wp\/v2\/types\/post"}],"author":[{"embeddable":true,"href":"https:\/\/zonaroja.com.mx\/index.php?rest_route=\/wp\/v2\/users\/2"}],"replies":[{"embeddable":true,"href":"https:\/\/zonaroja.com.mx\/index.php?rest_route=%2Fwp%2Fv2%2Fcomments&post=2512"}],"version-history":[{"count":1,"href":"https:\/\/zonaroja.com.mx\/index.php?rest_route=\/wp\/v2\/posts\/2512\/revisions"}],"predecessor-version":[{"id":2513,"href":"https:\/\/zonaroja.com.mx\/index.php?rest_route=\/wp\/v2\/posts\/2512\/revisions\/2513"}],"wp:featuredmedia":[{"embeddable":true,"href":"https:\/\/zonaroja.com.mx\/index.php?rest_route=\/wp\/v2\/media\/1941"}],"wp:attachment":[{"href":"https:\/\/zonaroja.com.mx\/index.php?rest_route=%2Fwp%2Fv2%2Fmedia&parent=2512"}],"wp:term":[{"taxonomy":"category","embeddable":true,"href":"https:\/\/zonaroja.com.mx\/index.php?rest_route=%2Fwp%2Fv2%2Fcategories&post=2512"},{"taxonomy":"post_tag","embeddable":true,"href":"https:\/\/zonaroja.com.mx\/index.php?rest_route=%2Fwp%2Fv2%2Ftags&post=2512"}],"curies":[{"name":"wp","href":"https:\/\/api.w.org\/{rel}","templated":true}]}}