{"id":25120,"date":"2021-03-25T17:42:28","date_gmt":"2021-03-25T23:42:28","guid":{"rendered":"http:\/\/www.zonaroja.com.mx\/?p=25120"},"modified":"2021-03-25T17:42:31","modified_gmt":"2021-03-25T23:42:31","slug":"ola-de-asesinatos-en-la-capital-de-oaxaca-van-tres-en-menos-de-una-semana","status":"publish","type":"post","link":"https:\/\/zonaroja.com.mx\/?p=25120","title":{"rendered":"Ola de asesinatos en la capital de Oaxaca; van tres en menos de una semana"},"content":{"rendered":"\n<p>Ismael Garc\u00eda M.\/Zona Roja.<\/p>\n\n\n\n<p>Oaxaca de Ju\u00e1rez, Oax., 25 de marzo de 2021.- En menos de una semana, tres personas han sido asesinadas en la ciudad de Oaxaca, dos de ellas por disparos de arma de fuego.<\/p>\n\n\n\n<p>El m\u00e1s reciente caso ocurri\u00f3 al mediod\u00eda de este jueves, en la calle de Manuel Fern\u00e1ndez Fiallo, entre Vega y X\u00f3chitl, a unas ocho cuadras del z\u00f3calo, en el Centro Hist\u00f3rico.<\/p>\n\n\n\n<p>Sujetos desconocidos, presuntamente a bordo de una motocicleta, ingresaron a un lavaautos y un predio de un taller mec\u00e1nico, donde dispararon directamente en contra de Miguel \u00c1ngel C. R., de 39 a\u00f1os de edad, quien muri\u00f3 al instante, mientras los delincuentes se dieron a la fuga.<\/p>\n\n\n\n<p>En tanto, en la esquina de Vega con Armenta y L\u00f3pez -a una cuadra de la escena del crimen&#8211; se halla de manera permanente un m\u00f3dulo m\u00f3vil de la polic\u00eda municipal capitalina, pero no reaccionaron a tiempo para buscar a los atacantes; adem\u00e1s, una de las dos c\u00e1maras de vigilancia que tiene la unidad, se dirigen al suelo y no hacia la esquina de la calle donde ocurri\u00f3 el crimen.<\/p>\n\n\n\n<figure class=\"wp-block-embed-twitter wp-block-embed is-type-rich is-provider-twitter\"><div class=\"wp-block-embed__wrapper\">\n<div class=\"twitter-tweet\"><blockquote class=\"twitter-tweet\" data-lang=\"es\"><p lang=\"es\" dir=\"ltr\"><a href=\"https:\/\/twitter.com\/hashtag\/ENVIVO?src=hash&amp;ref_src=twsrc%5Etfw\">#ENVIVO<\/a><br>Oa ac\u00e1 de Ju\u00e1rez, Oax., 25 de marzo de 2021.- Ejecutan a una persona en un estacionamiento de la calle Fiallo casi esquina con Vega, Centro Hist\u00f3rico de la capital oaxaque\u00f1a. <br>Aqu\u00ed la transmisi\u00f3n:<br>\ud83d\udc47<a href=\"https:\/\/t.co\/6467rnpaEr\">https:\/\/t.co\/6467rnpaEr<\/a> <a href=\"https:\/\/t.co\/HhPluHauWm\">pic.twitter.com\/HhPluHauWm<\/a><\/p>&mdash; Zona Roja Oaxaca (@Zona_Roja_Oax) <a href=\"https:\/\/twitter.com\/Zona_Roja_Oax\/status\/1375159927979659265?ref_src=twsrc%5Etfw\">25 de marzo de 2021<\/a><\/blockquote><\/div>\n<\/div><\/figure>\n\n\n\n<p>EN COLONIA SIETE REGIONES<\/p>\n\n\n\n<p>Por otra parte, anteayer martes por la ma\u00f1ana, en un consultorio dental ubicado en la colonia Siete Regiones, zona norte de la ciudad capital, fue localizada sin vida una persona que fue reportada como desaparecida desde el pasado jueves.<\/p>\n\n\n\n<p>De acuerdo con las primeras indagatorias del Instituto de Servicios Periciales de la Fiscal\u00eda General del Estado, muri\u00f3 por asfixia.<\/p>\n\n\n\n<p>El cuerpo fue localizado en el domicilio ubicado en la calle Revoluci\u00f3n casi esquina con Tuxtepec, cerca del m\u00f3dulo municipal, y la v\u00edctima fue identificada como Omar I. C., de 61 a\u00f1os de edad.<\/p>\n\n\n\n<p>La Unidad de Personas Desaparecidas y No Localizadas hab\u00eda difundido la ficha de b\u00fasqueda de quien fue visto por \u00faltima vez salir de su domicilio en la Unidad Habitacional \u201cRicardo Flores Mag\u00f3n\u201d.<\/p>\n\n\n\n<p>EN SAN JUANITO<\/p>\n\n\n\n<p>Por otra parte, el empleado de una gasolinera ubicada en la colonia Mi Ranchito de Santa Cruz Xoxocotl\u00e1n, fue asesinado a balazos durante un asalto ocurrido la ma\u00f1ana del domingo cuando regresaba a su domicilio ubicado en la agencia municipal de San Juan Chapultepec de la capital.<\/p>\n\n\n\n<p>Los hechos ocurrieron alrededor de las 07:00 horas del domingo cuando Andr\u00e9s Arturo, de 31 a\u00f1os de edad, regresaba luego de estar laborando en la estaci\u00f3n de servicio y al caminar en la calle Guadalupe Victoria esquina con Ni\u00f1o Artillero del barrio de a Cuevita, fue interceptado por sujetos armados, que presuntamente se desplazaban a bordo de una motocicleta.<\/p>\n","protected":false},"excerpt":{"rendered":"<p>Ismael Garc\u00eda M.\/Zona Roja. Oaxaca de Ju\u00e1rez, Oax., 25 de marzo de 2021.- En menos&hellip;<\/p>\n","protected":false},"author":2,"featured_media":25121,"comment_status":"closed","ping_status":"open","sticky":false,"template":"","format":"standard","meta":{"_lmt_disableupdate":"","_lmt_disable":"","_jetpack_memberships_contains_paid_content":false,"footnotes":""},"categories":[109,51],"tags":[148],"class_list":["post-25120","post","type-post","status-publish","format-standard","has-post-thumbnail","hentry","category-minuto-a-minuto","category-zona-roja","tag-oaxaca-de-juarez"],"jetpack_featured_media_url":"https:\/\/zonaroja.com.mx\/wp-content\/uploads\/2021\/03\/Asesinado-ciudad-de-Oaxaca-1.jpg","jetpack_sharing_enabled":true,"_links":{"self":[{"href":"https:\/\/zonaroja.com.mx\/index.php?rest_route=\/wp\/v2\/posts\/25120","targetHints":{"allow":["GET"]}}],"collection":[{"href":"https:\/\/zonaroja.com.mx\/index.php?rest_route=\/wp\/v2\/posts"}],"about":[{"href":"https:\/\/zonaroja.com.mx\/index.php?rest_route=\/wp\/v2\/types\/post"}],"author":[{"embeddable":true,"href":"https:\/\/zonaroja.com.mx\/index.php?rest_route=\/wp\/v2\/users\/2"}],"replies":[{"embeddable":true,"href":"https:\/\/zonaroja.com.mx\/index.php?rest_route=%2Fwp%2Fv2%2Fcomments&post=25120"}],"version-history":[{"count":1,"href":"https:\/\/zonaroja.com.mx\/index.php?rest_route=\/wp\/v2\/posts\/25120\/revisions"}],"predecessor-version":[{"id":25122,"href":"https:\/\/zonaroja.com.mx\/index.php?rest_route=\/wp\/v2\/posts\/25120\/revisions\/25122"}],"wp:featuredmedia":[{"embeddable":true,"href":"https:\/\/zonaroja.com.mx\/index.php?rest_route=\/wp\/v2\/media\/25121"}],"wp:attachment":[{"href":"https:\/\/zonaroja.com.mx\/index.php?rest_route=%2Fwp%2Fv2%2Fmedia&parent=25120"}],"wp:term":[{"taxonomy":"category","embeddable":true,"href":"https:\/\/zonaroja.com.mx\/index.php?rest_route=%2Fwp%2Fv2%2Fcategories&post=25120"},{"taxonomy":"post_tag","embeddable":true,"href":"https:\/\/zonaroja.com.mx\/index.php?rest_route=%2Fwp%2Fv2%2Ftags&post=25120"}],"curies":[{"name":"wp","href":"https:\/\/api.w.org\/{rel}","templated":true}]}}