{"id":25129,"date":"2021-03-25T19:01:36","date_gmt":"2021-03-26T01:01:36","guid":{"rendered":"http:\/\/www.zonaroja.com.mx\/?p=25129"},"modified":"2021-03-25T19:01:39","modified_gmt":"2021-03-26T01:01:39","slug":"trabajan-ges-mujer-y-el-cobao-a-favor-de-la-equidad-de-genero","status":"publish","type":"post","link":"https:\/\/zonaroja.com.mx\/?p=25129","title":{"rendered":"Trabajan GES Mujer y el Cobao a favor de la equidad de g\u00e9nero"},"content":{"rendered":"\n<p>Redacci\u00f3n\/Zona Roja.<\/p>\n\n\n\n<p>Oaxaca de Ju\u00e1rez, Oax., 25 de marzo de 2021.- En el marco del D\u00eda Naranja, la presidenta del Grupo de Estudios Sobre la Mujer, Rosario Castellanos A.C. (GES Mujer), Ang\u00e9lica Ayala Ortiz, firm\u00f3 un convenio de colaboraci\u00f3n con el director general del Colegio de Bachilleres del Estado de Oaxaca (Cobao), Rodrigo Gonz\u00e1lez Illescas, a fin de trabajar coordinadamente a favor de la equidad de g\u00e9nero.<\/p>\n\n\n\n<p>Ayala Ortiz mencion\u00f3 la importancia de los sistemas educativos como potenciadores del cambio hacia relaciones igualitarias entre hombres y mujeres. Dijo que la confianza ha sido el resultado de un trabajo colaborativo en donde el Cobao ha mostrado en los hechos la voluntad para generar cambios orientados a la prevenci\u00f3n, atenci\u00f3n de la violencia basada en el g\u00e9nero incluyendo la violencia sexual.<\/p>\n\n\n\n<p>Durante su intervenci\u00f3n, el director del Cobao expuso que en la instituci\u00f3n educativa existe la voluntad y el compromiso por trabajar a favor de fomentar una cultura de respeto de los derechos humanos de las mujeres, muestra de ello es la firma del convenio de colaboraci\u00f3n para sumar esfuerzos a fin de promover acciones que prevengan y atiendan la violencia de g\u00e9nero.<\/p>\n\n\n\n<p>Gracias al convenio de colaboraci\u00f3n, el GES Mujer y el Cobao realizar\u00e1n y difundir\u00e1n acciones conjuntas con un enfoque de g\u00e9nero y perspectiva de derechos humanos, que promuevan la eliminaci\u00f3n de la violencia y estereotipos de g\u00e9nero.<\/p>\n\n\n\n<p>Con acciones concretas en el Cobao se contin\u00faa trabajando para realizar programas y proyectos para que la educaci\u00f3n sea la herramienta de cambio que abone en lograr una sociedad equitativa, justa e inclusiva.<\/p>\n","protected":false},"excerpt":{"rendered":"<p>Redacci\u00f3n\/Zona Roja. Oaxaca de Ju\u00e1rez, Oax., 25 de marzo de 2021.- En el marco del&hellip;<\/p>\n","protected":false},"author":2,"featured_media":25130,"comment_status":"closed","ping_status":"open","sticky":false,"template":"","format":"standard","meta":{"_lmt_disableupdate":"","_lmt_disable":"","_jetpack_memberships_contains_paid_content":false,"footnotes":""},"categories":[109,46],"tags":[800],"class_list":["post-25129","post","type-post","status-publish","format-standard","has-post-thumbnail","hentry","category-minuto-a-minuto","category-zona-blanca","tag-colegio-de-bachilleres-de-oaxaca"],"jetpack_featured_media_url":"https:\/\/zonaroja.com.mx\/wp-content\/uploads\/2021\/03\/COBAO-01.jpg","jetpack_sharing_enabled":true,"_links":{"self":[{"href":"https:\/\/zonaroja.com.mx\/index.php?rest_route=\/wp\/v2\/posts\/25129","targetHints":{"allow":["GET"]}}],"collection":[{"href":"https:\/\/zonaroja.com.mx\/index.php?rest_route=\/wp\/v2\/posts"}],"about":[{"href":"https:\/\/zonaroja.com.mx\/index.php?rest_route=\/wp\/v2\/types\/post"}],"author":[{"embeddable":true,"href":"https:\/\/zonaroja.com.mx\/index.php?rest_route=\/wp\/v2\/users\/2"}],"replies":[{"embeddable":true,"href":"https:\/\/zonaroja.com.mx\/index.php?rest_route=%2Fwp%2Fv2%2Fcomments&post=25129"}],"version-history":[{"count":1,"href":"https:\/\/zonaroja.com.mx\/index.php?rest_route=\/wp\/v2\/posts\/25129\/revisions"}],"predecessor-version":[{"id":25131,"href":"https:\/\/zonaroja.com.mx\/index.php?rest_route=\/wp\/v2\/posts\/25129\/revisions\/25131"}],"wp:featuredmedia":[{"embeddable":true,"href":"https:\/\/zonaroja.com.mx\/index.php?rest_route=\/wp\/v2\/media\/25130"}],"wp:attachment":[{"href":"https:\/\/zonaroja.com.mx\/index.php?rest_route=%2Fwp%2Fv2%2Fmedia&parent=25129"}],"wp:term":[{"taxonomy":"category","embeddable":true,"href":"https:\/\/zonaroja.com.mx\/index.php?rest_route=%2Fwp%2Fv2%2Fcategories&post=25129"},{"taxonomy":"post_tag","embeddable":true,"href":"https:\/\/zonaroja.com.mx\/index.php?rest_route=%2Fwp%2Fv2%2Ftags&post=25129"}],"curies":[{"name":"wp","href":"https:\/\/api.w.org\/{rel}","templated":true}]}}