{"id":25135,"date":"2021-03-25T21:56:25","date_gmt":"2021-03-26T03:56:25","guid":{"rendered":"http:\/\/www.zonaroja.com.mx\/?p=25135"},"modified":"2021-03-25T21:56:30","modified_gmt":"2021-03-26T03:56:30","slug":"indiferencia-de-sso-mantiene-toma-de-oficinas-exigen-renuncia-de-titular","status":"publish","type":"post","link":"https:\/\/zonaroja.com.mx\/?p=25135","title":{"rendered":"Indiferencia de SSO mantiene \u201ctoma\u201d de oficinas; exigen renuncia de titular"},"content":{"rendered":"\n<p>Yuridiana Sosa\/Zona Roja.<\/p>\n\n\n\n<p>Oaxaca de Ju\u00e1rez, Oax., 25 de marzo de 2021.- A tres d\u00edas de la \u201ctoma\u201d del edificio de Administraci\u00f3n de los Servicios de Salud de Oaxaca (SSO), profesionistas sanitarios denunciaron que el secretario Juan Carlos M\u00e1rquez Heine no ha atendido la demanda de sus pagos pendientes desde el mes de enero.<\/p>\n\n\n\n<p>Mientras tanto, personal del \u00e1rea de Vectores comenz\u00f3 a colocar lonas para exigir la renuncia del funcionario, a quien acusan de desconocer los problemas, por ser del Estado de M\u00e9xico.<\/p>\n\n\n\n<p>Ante la indiferencia de las autoridades estatales, los inconformes adheridos al Sindicato Independiente de Trabajadores del Sector Salud (SITSS) e integrantes del programa \u201cAtenci\u00f3n a la salud y medicamentos gratuitos para la poblaci\u00f3n sin seguridad social laboral\u201d anunciaron que su protesta es indefinida.<\/p>\n\n\n\n<p>Una de las afectadas, trabajadora del Hospital B\u00e1sico Comunitario de Valle Nacional, Fabiola Hern\u00e1ndez, se\u00f1al\u00f3 que es inhumana la actitud de las autoridades en omitir sus pagos, lo que los mantiene indefensos para solventar sus necesidades b\u00e1sicas con sus familias.<\/p>\n\n\n\n<p>Desde el pasado martes, los inconformes de esta \u00e1rea se unieron a la exigencia de atenci\u00f3n de los SSO que mantienen desde hace m\u00e1s de dos semanas sus compa\u00f1eros ex trabajadores de Seguro Popular que exigen recontrataci\u00f3n.<\/p>\n\n\n\n<figure class=\"wp-block-embed-twitter wp-block-embed is-type-rich is-provider-twitter\"><div class=\"wp-block-embed__wrapper\">\n<div class=\"twitter-tweet\"><blockquote class=\"twitter-tweet\" data-lang=\"es\"><p lang=\"es\" dir=\"ltr\"><a href=\"https:\/\/twitter.com\/hashtag\/ENVIVO?src=hash&amp;ref_src=twsrc%5Etfw\">#ENVIVO<\/a> <br>Oaxaca de Ju\u00e1rez, Oax., 25 de mayo de 2021.- Afiliados al Sindicato Independiente del Sector Salud rebasan dos semanas de protestas para exigir pagos a trabajadores del programa U013; denuncian desinter\u00e9s de los  <a href=\"https:\/\/twitter.com\/SSO_GobOax?ref_src=twsrc%5Etfw\">@SSO_GobOax<\/a>.<br>Aqu\u00ed transmisi\u00f3n:<br>\ud83d\udc47<a href=\"https:\/\/t.co\/wOn1oumtQj\">https:\/\/t.co\/wOn1oumtQj<\/a> <a href=\"https:\/\/t.co\/2PUjSmWYJb\">pic.twitter.com\/2PUjSmWYJb<\/a><\/p>&mdash; Zona Roja Oaxaca (@Zona_Roja_Oax) <a href=\"https:\/\/twitter.com\/Zona_Roja_Oax\/status\/1375210061967015949?ref_src=twsrc%5Etfw\">25 de marzo de 2021<\/a><\/blockquote><\/div>\n<\/div><\/figure>\n\n\n\n<p>Son al menos 100 trabajadores de esta \u00e1rea los que sufren por la falta de pagos a pesar que siguen en labores para no afectar a las comunidades donde ofrecen servicios, pues son las de mayor marginaci\u00f3n.<\/p>\n\n\n\n<p>Los Servicios de Salud de Oaxaca indicaron que no cuentan con recursos para cubrir esos salarios, pues se tratan de programas del gobierno federal que han funcionado durante varios a\u00f1os y en ocasi\u00f3n por medio del Instituto de Salud para el Bienestar o dicen que el dinero se invirti\u00f3 en la pandemia.<\/p>\n\n\n\n<p>Mientras que el Insabi les ha informado que el dinero ya fue designado al gobierno de Oaxaca para que cumpla de forma puntual, por lo que tambi\u00e9n exigen transparencia en la aplicaci\u00f3n de sus recursos.<\/p>\n\n\n\n<p>Pero adem\u00e1s, apuntaron que es incongruente la respuesta del gobierno del estado, porque en los centros de salud y en los Hospitales B\u00e1sicos no hay lo m\u00e1s m\u00ednimo en medicamentos e insumos.<\/p>\n","protected":false},"excerpt":{"rendered":"<p>Yuridiana Sosa\/Zona Roja. Oaxaca de Ju\u00e1rez, Oax., 25 de marzo de 2021.- A tres d\u00edas&hellip;<\/p>\n","protected":false},"author":2,"featured_media":25136,"comment_status":"closed","ping_status":"open","sticky":false,"template":"","format":"standard","meta":{"_lmt_disableupdate":"","_lmt_disable":"","_jetpack_memberships_contains_paid_content":false,"footnotes":""},"categories":[109,47],"tags":[1005],"class_list":["post-25135","post","type-post","status-publish","format-standard","has-post-thumbnail","hentry","category-minuto-a-minuto","category-zona-gris","tag-servicios-de-salud-de-oaxaca-sso"],"jetpack_featured_media_url":"https:\/\/zonaroja.com.mx\/wp-content\/uploads\/2021\/03\/Paro-Salud-sindicato-independiente.jpg","jetpack_sharing_enabled":true,"_links":{"self":[{"href":"https:\/\/zonaroja.com.mx\/index.php?rest_route=\/wp\/v2\/posts\/25135","targetHints":{"allow":["GET"]}}],"collection":[{"href":"https:\/\/zonaroja.com.mx\/index.php?rest_route=\/wp\/v2\/posts"}],"about":[{"href":"https:\/\/zonaroja.com.mx\/index.php?rest_route=\/wp\/v2\/types\/post"}],"author":[{"embeddable":true,"href":"https:\/\/zonaroja.com.mx\/index.php?rest_route=\/wp\/v2\/users\/2"}],"replies":[{"embeddable":true,"href":"https:\/\/zonaroja.com.mx\/index.php?rest_route=%2Fwp%2Fv2%2Fcomments&post=25135"}],"version-history":[{"count":1,"href":"https:\/\/zonaroja.com.mx\/index.php?rest_route=\/wp\/v2\/posts\/25135\/revisions"}],"predecessor-version":[{"id":25137,"href":"https:\/\/zonaroja.com.mx\/index.php?rest_route=\/wp\/v2\/posts\/25135\/revisions\/25137"}],"wp:featuredmedia":[{"embeddable":true,"href":"https:\/\/zonaroja.com.mx\/index.php?rest_route=\/wp\/v2\/media\/25136"}],"wp:attachment":[{"href":"https:\/\/zonaroja.com.mx\/index.php?rest_route=%2Fwp%2Fv2%2Fmedia&parent=25135"}],"wp:term":[{"taxonomy":"category","embeddable":true,"href":"https:\/\/zonaroja.com.mx\/index.php?rest_route=%2Fwp%2Fv2%2Fcategories&post=25135"},{"taxonomy":"post_tag","embeddable":true,"href":"https:\/\/zonaroja.com.mx\/index.php?rest_route=%2Fwp%2Fv2%2Ftags&post=25135"}],"curies":[{"name":"wp","href":"https:\/\/api.w.org\/{rel}","templated":true}]}}