{"id":25138,"date":"2021-03-25T22:06:35","date_gmt":"2021-03-26T04:06:35","guid":{"rendered":"http:\/\/www.zonaroja.com.mx\/?p=25138"},"modified":"2021-03-25T22:06:39","modified_gmt":"2021-03-26T04:06:39","slug":"acumula-oaxaca-tres-mil-202-personas-fallecidas-por-covid","status":"publish","type":"post","link":"https:\/\/zonaroja.com.mx\/?p=25138","title":{"rendered":"Acumula Oaxaca tres mil 202 personas fallecidas por Covid"},"content":{"rendered":"\n<p>Redacci\u00f3n\/Zona Roja.<\/p>\n\n\n\n<p>Oaxaca de Ju\u00e1rez, Oax. 25 de marzo de 2021.- Con 11 decesos reportados al cierre de este 25 de marzo, Oaxaca acumul\u00f3 tres mil 202 fallecimientos de manera acumulada a causa de virus SARS-CoV-2, as\u00ed lo informaron los Servicio de Salud de Oaxaca (SSO).<\/p>\n\n\n\n<p>En un comunicado, la instituci\u00f3n expuso que Valles Centrales es la zona donde se tiene el mayor n\u00famero de muertes con mil 692, cifra que representa el 52.8%; seguido del Istmo con 520 (16.2%), Tuxtepec con 333 (10.3%), Mixteca 304 (9.4%), Costa 217 (6.7%) y Sierra 136 (4.2%).<\/p>\n\n\n\n<p>Especific\u00f3 que la hipertensi\u00f3n arterial estaba presente en el 40.8% de las personas que lamentablemente fallecieron a causa del coronavirus, el 35.9% la diabetes mellitus y el 21.7% la obesidad.<\/p>\n\n\n\n<p>De igual forma recalc\u00f3 que este jueves se confirmaron 83 contagios m\u00e1s, para un acumulado de 43 mil 276 positivos, con la mayor incidencia en las personas de 25 a 44 a\u00f1os de edad, con 19 mil 344 casos, cifra que representa el 44.6% de los casos confirmados a la fecha.<\/p>\n\n\n\n<p>Subray\u00f3 que durante la \u00faltima jornada se identificaron 361 casos activos, es decir, aquellas personas positivas al SARS-CoV-2 que empezaron con s\u00edntomas de la enfermedad en los \u00faltimos 14 d\u00edas, y quienes pueden transmitir la infecci\u00f3n viral, as\u00ed como 39 mil 713 pacientes recuperados.<\/p>\n\n\n\n<figure class=\"wp-block-embed-twitter wp-block-embed is-type-rich is-provider-twitter\"><div class=\"wp-block-embed__wrapper\">\n<div class=\"twitter-tweet\"><blockquote class=\"twitter-tweet\" data-lang=\"es\"><p lang=\"es\" dir=\"ltr\"><a href=\"https:\/\/twitter.com\/hashtag\/%C3%9AltimoMinuto?src=hash&amp;ref_src=twsrc%5Etfw\">#\u00daltimoMinuto<\/a><br>Con respecto a <a href=\"https:\/\/twitter.com\/hashtag\/Oaxaca?src=hash&amp;ref_src=twsrc%5Etfw\">#Oaxaca<\/a>, los Servicios de Salud reportaron este jueves 83 casos positivos a Covid, para un total de 43 mil 276 casos confirmados; adem\u00e1s, 11 decesos, con lo que suman tres mil 202 defunciones; hay seis hospitales saturados de pacientes.<a href=\"https:\/\/twitter.com\/hashtag\/Qu%C3%A9dateEnCasa?src=hash&amp;ref_src=twsrc%5Etfw\">#Qu\u00e9dateEnCasa<\/a> <a href=\"https:\/\/t.co\/5txhazz6aO\">pic.twitter.com\/5txhazz6aO<\/a><\/p>&mdash; Zona Roja Oaxaca (@Zona_Roja_Oax) <a href=\"https:\/\/twitter.com\/Zona_Roja_Oax\/status\/1375267994910199810?ref_src=twsrc%5Etfw\">26 de marzo de 2021<\/a><\/blockquote><\/div>\n<\/div><\/figure>\n\n\n\n<p>Precis\u00f3 que este viernes se reportaron 32 ayuntamientos con casos nuevos, dentro de los que destacan: Oaxaca de Ju\u00e1rez con 27, Santa Cruz Xoxocotl\u00e1n con 10 y Santa Luc\u00eda de Camino con cuatro, as\u00ed como Cuil\u00e1pam de Guerrero, Santa Mar\u00eda Coyotepec y Zimatl\u00e1n de \u00c1lvarez con tres cada uno; el resto dos y uno.<\/p>\n\n\n\n<p>Conforme al conteo local de positivos acumulados seg\u00fan la ubicaci\u00f3n geogr\u00e1fica, dijo que Valles Centrales reporta 29 mil 660 casos, Istmo tres mil 576, Tuxtepec dos mil 749, Costa dos mil 124, Mixteca tres mil 651 y Sierra mil 516.<\/p>\n\n\n\n<p>Asimismo, mencion\u00f3 que la red hospitalaria se encuentra al 29.8% de ocupaci\u00f3n de camas para pacientes que presentan alguna complicaci\u00f3n, seis nosocomios se encuentra al 100% de su capacidad, y 23 pacientes fueron hospitalizados, por lo que hay 427 camas disponibles de un total de 608.<\/p>\n","protected":false},"excerpt":{"rendered":"<p>Redacci\u00f3n\/Zona Roja. Oaxaca de Ju\u00e1rez, Oax. 25 de marzo de 2021.- Con 11 decesos reportados&hellip;<\/p>\n","protected":false},"author":2,"featured_media":25139,"comment_status":"closed","ping_status":"open","sticky":false,"template":"","format":"standard","meta":{"_lmt_disableupdate":"","_lmt_disable":"","_jetpack_memberships_contains_paid_content":false,"footnotes":""},"categories":[109,47],"tags":[1512],"class_list":["post-25138","post","type-post","status-publish","format-standard","has-post-thumbnail","hentry","category-minuto-a-minuto","category-zona-gris","tag-coronavirus-oaxaca"],"jetpack_featured_media_url":"https:\/\/zonaroja.com.mx\/wp-content\/uploads\/2021\/03\/SSO-1-1-2.jpeg","jetpack_sharing_enabled":true,"_links":{"self":[{"href":"https:\/\/zonaroja.com.mx\/index.php?rest_route=\/wp\/v2\/posts\/25138","targetHints":{"allow":["GET"]}}],"collection":[{"href":"https:\/\/zonaroja.com.mx\/index.php?rest_route=\/wp\/v2\/posts"}],"about":[{"href":"https:\/\/zonaroja.com.mx\/index.php?rest_route=\/wp\/v2\/types\/post"}],"author":[{"embeddable":true,"href":"https:\/\/zonaroja.com.mx\/index.php?rest_route=\/wp\/v2\/users\/2"}],"replies":[{"embeddable":true,"href":"https:\/\/zonaroja.com.mx\/index.php?rest_route=%2Fwp%2Fv2%2Fcomments&post=25138"}],"version-history":[{"count":1,"href":"https:\/\/zonaroja.com.mx\/index.php?rest_route=\/wp\/v2\/posts\/25138\/revisions"}],"predecessor-version":[{"id":25140,"href":"https:\/\/zonaroja.com.mx\/index.php?rest_route=\/wp\/v2\/posts\/25138\/revisions\/25140"}],"wp:featuredmedia":[{"embeddable":true,"href":"https:\/\/zonaroja.com.mx\/index.php?rest_route=\/wp\/v2\/media\/25139"}],"wp:attachment":[{"href":"https:\/\/zonaroja.com.mx\/index.php?rest_route=%2Fwp%2Fv2%2Fmedia&parent=25138"}],"wp:term":[{"taxonomy":"category","embeddable":true,"href":"https:\/\/zonaroja.com.mx\/index.php?rest_route=%2Fwp%2Fv2%2Fcategories&post=25138"},{"taxonomy":"post_tag","embeddable":true,"href":"https:\/\/zonaroja.com.mx\/index.php?rest_route=%2Fwp%2Fv2%2Ftags&post=25138"}],"curies":[{"name":"wp","href":"https:\/\/api.w.org\/{rel}","templated":true}]}}