{"id":2514,"date":"2019-07-25T16:11:11","date_gmt":"2019-07-25T21:11:11","guid":{"rendered":"http:\/\/www.zonaroja.com.mx\/?p=2514"},"modified":"2019-07-25T16:11:20","modified_gmt":"2019-07-25T21:11:20","slug":"liberan-a-mujeres-retenidas-por-la-fiscalia-de-huatulco-pero-detienen-a-otro","status":"publish","type":"post","link":"https:\/\/zonaroja.com.mx\/?p=2514","title":{"rendered":"Liberan a mujeres retenidas por la Fiscal\u00eda de Huatulco, pero detienen a otro"},"content":{"rendered":"\n<p>Redacci\u00f3n<\/p>\n\n\n\n<p>Oaxaca de\nJu\u00e1rez, Oax., 25 de julio de 2019.- Alrededor de las ocho de la noche de este\nmi\u00e9rcoles fueron liberadas las hermanas Jim\u00e9nez, quienes previamente fueron\nretenidas de forma arbitraria por personal de la Fiscal\u00eda General del Estado\ncon sede en bah\u00edas de Huatulco, para presuntamente incriminarlas en el asalto a\nuna gasolinera.<\/p>\n\n\n\n<p>De acuerdo\ncon el reporte personal de la dependencia, el martes al mediod\u00eda y sin ninguna\norden de aprehensi\u00f3n, retuvo a Rubicelia Jim\u00e9nez, trabajadora de la gasolinera\nubicada frente al basurero en el bulevar Chahue para presuntamente incriminarla\nen el asalto, ocurrido el pasado lunes 22 de julio.<\/p>\n\n\n\n<p>Posteriormente\ny ante la denuncia p\u00fablica que hiciera en redes sociales la hermana de la v\u00edctima,\nde nombre Ang\u00e9lica Jim\u00e9nez, tambi\u00e9n fue retenida al solicitar la visita que por\nley les corresponde a familiares de las y los detenidos.<\/p>\n\n\n\n<p>Ante los\nhechos y las retenciones arbitrarias de las mujeres, \u00e9l hermano de \u00e9stas, que\nse traslad\u00f3 de la regi\u00f3n del Istmo a la Costa para acompa\u00f1ar a sus familiares,\nfue detenido y privado de su libertad este mi\u00e9rcoles sin ning\u00fan tipo de orden\naprehensi\u00f3n en contra y ninguna justificaci\u00f3n.<\/p>\n\n\n\n<p>Lo anterior\nrepresenta una violaci\u00f3n a las garant\u00edas individuales de las tres personas por\nparte de trabajadores de la Fiscal\u00eda General del Estado, y aunque ambas mujeres\nfueron liberadas la noche de ayer, su hermano sigue retenido de forma ilegal por\nparte de las autoridades.<\/p>\n\n\n\n<p>Al respecto\nfamiliares de las personas afectadas, de escasos recursos econ\u00f3micos,\ndenunciaron que la Fiscal\u00eda General del Estado pretende fabricar culpables para\nhacer creer al titular del Poder Ejecutivo que obtuvieron resultados r\u00e1pidos en\nla atenci\u00f3n al caso del robo en la gasoliner\u00eda, presuntamente propiedad de los\nMurat, seg\u00fan habitantes de la zona.<\/p>\n\n\n\n<p>El pasado\nlunes, sujetos desconocidos robaron en la estaci\u00f3n de servicio \u201cCuatro Hermanos\ndel Sureste\u201d, ubicada en la manzana 1 del bulevar Chahu\u00e9, La Crucecita,\nHuatulco.<\/p>\n\n\n\n<p>Ante los\nnulos resultados en la b\u00fasqueda de los probables delincuentes, al mediod\u00eda del\nmartes mandaron a llamar, bajo enga\u00f1os, a la trabajadora Rubicelia Jim\u00e9nez,\nquien fue retenida e incomunicada por alrededor de 32 horas.<\/p>\n\n\n\n<p>Posteriormente y ante las denuncias p\u00fablicas dos de sus familiares corrieron con la misma suerte, uno de ellos a\u00fan se encuentra retenido de forma ilegal por las autoridades encargadas de la procuraci\u00f3n de justicia en el estado.<\/p>\n\n\n\n<figure class=\"wp-block-embed-twitter wp-block-embed is-type-rich is-provider-twitter\"><div class=\"wp-block-embed__wrapper\">\n<div class=\"twitter-tweet\"><blockquote class=\"twitter-tweet\" data-lang=\"es\"><p lang=\"es\" dir=\"ltr\">Denuncian secuestro desde hace 24 horas en <a href=\"https:\/\/twitter.com\/FISCALIA_GobOax?ref_src=twsrc%5Etfw\">@FISCALIA_GobOax<\/a> Huatulco de trabajadora Rubicelia Jim\u00e9nez, de gasolinera \u201cCuatro Hermanos\u201d \u2014presuntamente de los Murat\u2014, para incriminarla en asalto. Hermana de detenida pide ayuda a fiscal <a href=\"https:\/\/twitter.com\/RVasconcelosM?ref_src=twsrc%5Etfw\">@RVasconcelosM<\/a>.  Tambi\u00e9n la detienen. <a href=\"https:\/\/twitter.com\/CNDH?ref_src=twsrc%5Etfw\">@CNDH<\/a> <a href=\"https:\/\/t.co\/lfuU8d60Yl\">pic.twitter.com\/lfuU8d60Yl<\/a><\/p>&mdash; Zona Roja Oaxaca (@MexRoja) <a href=\"https:\/\/twitter.com\/MexRoja\/status\/1154152664734867456?ref_src=twsrc%5Etfw\">24 de julio de 2019<\/a><\/blockquote><\/div>\n<\/div><\/figure>\n","protected":false},"excerpt":{"rendered":"<p>Redacci\u00f3n Oaxaca de Ju\u00e1rez, Oax., 25 de julio de 2019.- Alrededor de las ocho de&hellip;<\/p>\n","protected":false},"author":2,"featured_media":2515,"comment_status":"closed","ping_status":"open","sticky":false,"template":"","format":"standard","meta":{"_lmt_disableupdate":"","_lmt_disable":"","_jetpack_memberships_contains_paid_content":false,"footnotes":""},"categories":[109,51],"tags":[400],"class_list":["post-2514","post","type-post","status-publish","format-standard","has-post-thumbnail","hentry","category-minuto-a-minuto","category-zona-roja","tag-caso-retenidos-gasolineria-huatulco"],"jetpack_featured_media_url":"https:\/\/zonaroja.com.mx\/wp-content\/uploads\/2019\/07\/La-Crucecita-1.jpg","jetpack_sharing_enabled":true,"_links":{"self":[{"href":"https:\/\/zonaroja.com.mx\/index.php?rest_route=\/wp\/v2\/posts\/2514","targetHints":{"allow":["GET"]}}],"collection":[{"href":"https:\/\/zonaroja.com.mx\/index.php?rest_route=\/wp\/v2\/posts"}],"about":[{"href":"https:\/\/zonaroja.com.mx\/index.php?rest_route=\/wp\/v2\/types\/post"}],"author":[{"embeddable":true,"href":"https:\/\/zonaroja.com.mx\/index.php?rest_route=\/wp\/v2\/users\/2"}],"replies":[{"embeddable":true,"href":"https:\/\/zonaroja.com.mx\/index.php?rest_route=%2Fwp%2Fv2%2Fcomments&post=2514"}],"version-history":[{"count":1,"href":"https:\/\/zonaroja.com.mx\/index.php?rest_route=\/wp\/v2\/posts\/2514\/revisions"}],"predecessor-version":[{"id":2516,"href":"https:\/\/zonaroja.com.mx\/index.php?rest_route=\/wp\/v2\/posts\/2514\/revisions\/2516"}],"wp:featuredmedia":[{"embeddable":true,"href":"https:\/\/zonaroja.com.mx\/index.php?rest_route=\/wp\/v2\/media\/2515"}],"wp:attachment":[{"href":"https:\/\/zonaroja.com.mx\/index.php?rest_route=%2Fwp%2Fv2%2Fmedia&parent=2514"}],"wp:term":[{"taxonomy":"category","embeddable":true,"href":"https:\/\/zonaroja.com.mx\/index.php?rest_route=%2Fwp%2Fv2%2Fcategories&post=2514"},{"taxonomy":"post_tag","embeddable":true,"href":"https:\/\/zonaroja.com.mx\/index.php?rest_route=%2Fwp%2Fv2%2Ftags&post=2514"}],"curies":[{"name":"wp","href":"https:\/\/api.w.org\/{rel}","templated":true}]}}