{"id":25141,"date":"2021-03-25T22:12:18","date_gmt":"2021-03-26T04:12:18","guid":{"rendered":"http:\/\/www.zonaroja.com.mx\/?p=25141"},"modified":"2021-03-25T22:12:21","modified_gmt":"2021-03-26T04:12:21","slug":"protege-poder-judicial-los-derechos-de-mujeres-y-ninas-en-procesos-legales","status":"publish","type":"post","link":"https:\/\/zonaroja.com.mx\/?p=25141","title":{"rendered":"Protege Poder Judicial los derechos de mujeres y ni\u00f1as en procesos legales"},"content":{"rendered":"\n<p>Redacci\u00f3n\/Zona Roja.<\/p>\n\n\n\n<p>Oaxaca de Ju\u00e1rez, Oax., 25 de marzo de 2021.- A trav\u00e9s del D\u00eda Naranja, que se conmemora el 25 de cada mes, se busca promover e impulsar acciones que permitan a mujeres y ni\u00f1as vivir con plenitud y libres de violencia, se\u00f1al\u00f3 el titular del Poder Judicial, magistrado Eduardo Pinacho S\u00e1nchez, quien puntualiz\u00f3 que este tema es de trascendencia social y un derecho humano universal consagrado en la Constituci\u00f3n Pol\u00edtica de los Estados Unidos Mexicanos y en los tratados internacionales.<\/p>\n\n\n\n<p>Desde el inicio de su administraci\u00f3n, el Magistrado Presidente ha enfatizado que con la visi\u00f3n institucional de fortalecer la impartici\u00f3n de justicia con perspectiva de g\u00e9nero, se han implementado acciones a favor de este sector, un ejemplo de ello ha sido la creaci\u00f3n de la Unidad de Igualdad de G\u00e9nero.<\/p>\n\n\n\n<p>Esta \u00e1rea, dirigida por la maestra Sheila S\u00e1nchez L\u00f3pez, tiene como funciones principales realizar la institucionalizaci\u00f3n y transversalizaci\u00f3n de la perspectiva de g\u00e9nero al interior del Poder Judicial, as\u00ed como colaborar en la creaci\u00f3n de instrumentos o programas institucionales que permitan generar ambientes libres de violencia y discriminaci\u00f3n en los espacios laborales.<\/p>\n\n\n\n<p>Asimismo, se implement\u00f3 la Gu\u00eda de acciones del Poder Judicial del Estado de Oaxaca para la prevenci\u00f3n y atenci\u00f3n en materia de violencia de g\u00e9nero ante la contingencia del Covid-19, su finalidad es adoptar medidas de cuidado para enfrentar el aumento de la violencia de g\u00e9nero durante el periodo de confinamiento y dar a conocer los medios judiciales con los que se cuentan para poner fin a estas situaciones.<\/p>\n\n\n\n<p>En el periodo de contingencia sanitaria, el Poder Judicial del Estado, en su compromiso de proteger los derechos de las mujeres y el Inter\u00e9s Superior de ni\u00f1as, ni\u00f1os y adolescentes, estableci\u00f3 entre los casos urgentes para su atenci\u00f3n los juicios de alimentos, el pago o el cumplimiento de pensiones alimenticias y la entrega o transferencia de este derecho por ley.<\/p>\n\n\n\n<p>De acuerdo con estad\u00edsticas de la Secretar\u00eda Ejecutiva del Consejo de la Judicatura, del 5 de enero al 19 de marzo, se han recibido 18 mil 044 asuntos urgentes en materia familiar, relacionados con pago de pensiones alimenticias, certificados de dep\u00f3sito de pensiones alimenticias, \u00f3rdenes de restricci\u00f3n, separaci\u00f3n de c\u00f3nyuges, solicitudes de convivencia, de guarda y custodia.<\/p>\n","protected":false},"excerpt":{"rendered":"<p>Redacci\u00f3n\/Zona Roja. Oaxaca de Ju\u00e1rez, Oax., 25 de marzo de 2021.- A trav\u00e9s del D\u00eda&hellip;<\/p>\n","protected":false},"author":2,"featured_media":25142,"comment_status":"closed","ping_status":"open","sticky":false,"template":"","format":"standard","meta":{"_lmt_disableupdate":"","_lmt_disable":"","_jetpack_memberships_contains_paid_content":false,"footnotes":""},"categories":[109,46],"tags":[223],"class_list":["post-25141","post","type-post","status-publish","format-standard","has-post-thumbnail","hentry","category-minuto-a-minuto","category-zona-blanca","tag-poder-judicial-de-oaxaca"],"jetpack_featured_media_url":"https:\/\/zonaroja.com.mx\/wp-content\/uploads\/2021\/03\/01-TRIBUNAL.jpg","jetpack_sharing_enabled":true,"_links":{"self":[{"href":"https:\/\/zonaroja.com.mx\/index.php?rest_route=\/wp\/v2\/posts\/25141","targetHints":{"allow":["GET"]}}],"collection":[{"href":"https:\/\/zonaroja.com.mx\/index.php?rest_route=\/wp\/v2\/posts"}],"about":[{"href":"https:\/\/zonaroja.com.mx\/index.php?rest_route=\/wp\/v2\/types\/post"}],"author":[{"embeddable":true,"href":"https:\/\/zonaroja.com.mx\/index.php?rest_route=\/wp\/v2\/users\/2"}],"replies":[{"embeddable":true,"href":"https:\/\/zonaroja.com.mx\/index.php?rest_route=%2Fwp%2Fv2%2Fcomments&post=25141"}],"version-history":[{"count":1,"href":"https:\/\/zonaroja.com.mx\/index.php?rest_route=\/wp\/v2\/posts\/25141\/revisions"}],"predecessor-version":[{"id":25143,"href":"https:\/\/zonaroja.com.mx\/index.php?rest_route=\/wp\/v2\/posts\/25141\/revisions\/25143"}],"wp:featuredmedia":[{"embeddable":true,"href":"https:\/\/zonaroja.com.mx\/index.php?rest_route=\/wp\/v2\/media\/25142"}],"wp:attachment":[{"href":"https:\/\/zonaroja.com.mx\/index.php?rest_route=%2Fwp%2Fv2%2Fmedia&parent=25141"}],"wp:term":[{"taxonomy":"category","embeddable":true,"href":"https:\/\/zonaroja.com.mx\/index.php?rest_route=%2Fwp%2Fv2%2Fcategories&post=25141"},{"taxonomy":"post_tag","embeddable":true,"href":"https:\/\/zonaroja.com.mx\/index.php?rest_route=%2Fwp%2Fv2%2Ftags&post=25141"}],"curies":[{"name":"wp","href":"https:\/\/api.w.org\/{rel}","templated":true}]}}