{"id":25147,"date":"2021-03-26T07:48:20","date_gmt":"2021-03-26T13:48:20","guid":{"rendered":"http:\/\/www.zonaroja.com.mx\/?p=25147"},"modified":"2021-03-26T07:48:25","modified_gmt":"2021-03-26T13:48:25","slug":"exhortan-a-gobernador-de-oaxaca-resolver-problematica-con-policias","status":"publish","type":"post","link":"https:\/\/zonaroja.com.mx\/?p=25147","title":{"rendered":"Exhortan a gobernador de Oaxaca resolver problem\u00e1tica con polic\u00edas"},"content":{"rendered":"\n<p>Evlin Arag\u00f3n\/Zona Roja.<\/p>\n\n\n\n<p>Oaxaca de Ju\u00e1rez, Oax., 26 de marzo de 2021.- El diputado local por el Partido del Trabajo, C\u00e9sar Morales Ni\u00f1o, present\u00f3 un punto de acuerdo con el fin de exhortar al gobernador de Oaxaca, Alejandro Murat Hinojosa, para que de manera inmediata retome la disciplina de la Secretar\u00eda de Seguridad P\u00fablica, tras el paro de labores de elemento de la Polic\u00eda Estatal.<\/p>\n\n\n\n<p>Lo anterior tomando en cuenta el respeto a los derechos humanos y laborares del personal, ponderando el di\u00e1logo y realizando ofrecimientos dignos que atiendan las necesidades b\u00e1sicas de los elementos de la polic\u00eda, que pese a arriesgar la vida no cuentan con retribuciones justas.&nbsp;<\/p>\n\n\n\n<p>\u201cEs urgente que el Gobernador del Estado atienda esta problem\u00e1tica, lo cual debe hacerse con absoluto respeto a los derechos humanos y laborales, escuchando y dialogando con los y las polic\u00edas, con ofrecimientos dignos, atendiendo sus necesidades b\u00e1sicas, sin tomar represalias, bajo la l\u00f3gica de transparencia y rendici\u00f3n de cuentas, y sancionando los actos de corrupci\u00f3n que existan\u201d, dijo.<\/p>\n\n\n\n<p>En la reciente sesi\u00f3n ordinaria de la 64 Legislatura del Congreso local, Morales Ni\u00f1o explic\u00f3 que actual paro de labores y el conflicto en la Polic\u00eda Estatal, tiene de fondo una serie de denuncias de malos tratos en que incurren las y los directivos, la petici\u00f3n de incremento salarial, dotaci\u00f3n de equipo, pago de prestaciones, renovaci\u00f3n de seguro de vida e incremento en la ayuda alimenticia.&nbsp;<\/p>\n\n\n\n<p>As\u00ed mismo, lament\u00f3 que la respuesta de las autoridades de la Secretar\u00eda de Seguridad P\u00fablica es que no hay recursos para atender las demandas, a pesar de que se han destapado presuntos casos de corrupci\u00f3n y desvi\u00f3 de recursos en la dependencia, como ya se ha vuelto costumbre en el gobierno actual.&nbsp;<\/p>\n\n\n\n<p>Tal es el caso del contrato con la empresa denominada \u00abMultiservicios de Mensajer\u00eda y Transportaci\u00f3n Transfer S.A. de C.V.\u00bb, con el objeto de un \u00abServicio de flete de transporte\u00bb, por un monto de 301 mil 600 pesos.&nbsp;<\/p>\n\n\n\n<p>Dicha empresa requiri\u00f3 del transporte oficial para realizar la acci\u00f3n contratada, adem\u00e1s de tener relaci\u00f3n directa con la red de empresas \u201cfantasma\u201d que han facturado al Gobierno del Estado m\u00e1s de 105 millones de pesos a favor de una sola persona.<\/p>\n\n\n\n<p>As\u00ed mismo la contrataci\u00f3n de la empresa Serverax Comercial S.A. de C.V., para que prestara su servicio como empresas de seguridad privada, sin que contara con la estructura para ejercer como tal, por lo que cambio su raz\u00f3n social en el 2019 y se encuentra se\u00f1alada por el SAT, como empresa con presuntas irregularidades fiscales.<\/p>\n\n\n\n<p>\u201cEs lamentable que se le niegue a la Polic\u00eda estatal un aumento digno, cuando se destapan casos de corrupci\u00f3n y desvi\u00f3 de recursos en la Secretar\u00eda de Seguridad P\u00fablica\u201d, refiri\u00f3 el legislador.&nbsp;<\/p>\n\n\n\n<p>Pese a la relevancia de la situaci\u00f3n, toda vez que el paro de labores sigue vigente el punto de acuerdo fue turnado a comisiones mientras que Morales Ni\u00f1o lament\u00f3 que los se\u00f1alamientos de corrupci\u00f3n al interior del gobierno estatal se hagan p\u00fablicos de manera constante.&nbsp;<\/p>\n","protected":false},"excerpt":{"rendered":"<p>Evlin Arag\u00f3n\/Zona Roja. Oaxaca de Ju\u00e1rez, Oax., 26 de marzo de 2021.- El diputado local&hellip;<\/p>\n","protected":false},"author":2,"featured_media":25148,"comment_status":"closed","ping_status":"open","sticky":false,"template":"","format":"standard","meta":{"_lmt_disableupdate":"","_lmt_disable":"","_jetpack_memberships_contains_paid_content":false,"footnotes":""},"categories":[109,47],"tags":[612],"class_list":["post-25147","post","type-post","status-publish","format-standard","has-post-thumbnail","hentry","category-minuto-a-minuto","category-zona-gris","tag-cesar-morales-nino"],"jetpack_featured_media_url":"https:\/\/zonaroja.com.mx\/wp-content\/uploads\/2021\/03\/Paro-Policia-Estatal-1.jpg","jetpack_sharing_enabled":true,"_links":{"self":[{"href":"https:\/\/zonaroja.com.mx\/index.php?rest_route=\/wp\/v2\/posts\/25147","targetHints":{"allow":["GET"]}}],"collection":[{"href":"https:\/\/zonaroja.com.mx\/index.php?rest_route=\/wp\/v2\/posts"}],"about":[{"href":"https:\/\/zonaroja.com.mx\/index.php?rest_route=\/wp\/v2\/types\/post"}],"author":[{"embeddable":true,"href":"https:\/\/zonaroja.com.mx\/index.php?rest_route=\/wp\/v2\/users\/2"}],"replies":[{"embeddable":true,"href":"https:\/\/zonaroja.com.mx\/index.php?rest_route=%2Fwp%2Fv2%2Fcomments&post=25147"}],"version-history":[{"count":1,"href":"https:\/\/zonaroja.com.mx\/index.php?rest_route=\/wp\/v2\/posts\/25147\/revisions"}],"predecessor-version":[{"id":25149,"href":"https:\/\/zonaroja.com.mx\/index.php?rest_route=\/wp\/v2\/posts\/25147\/revisions\/25149"}],"wp:featuredmedia":[{"embeddable":true,"href":"https:\/\/zonaroja.com.mx\/index.php?rest_route=\/wp\/v2\/media\/25148"}],"wp:attachment":[{"href":"https:\/\/zonaroja.com.mx\/index.php?rest_route=%2Fwp%2Fv2%2Fmedia&parent=25147"}],"wp:term":[{"taxonomy":"category","embeddable":true,"href":"https:\/\/zonaroja.com.mx\/index.php?rest_route=%2Fwp%2Fv2%2Fcategories&post=25147"},{"taxonomy":"post_tag","embeddable":true,"href":"https:\/\/zonaroja.com.mx\/index.php?rest_route=%2Fwp%2Fv2%2Ftags&post=25147"}],"curies":[{"name":"wp","href":"https:\/\/api.w.org\/{rel}","templated":true}]}}