{"id":25153,"date":"2021-03-26T07:57:47","date_gmt":"2021-03-26T13:57:47","guid":{"rendered":"http:\/\/www.zonaroja.com.mx\/?p=25153"},"modified":"2021-03-26T07:57:51","modified_gmt":"2021-03-26T13:57:51","slug":"autoridades-responsables-del-aumento-de-feminicidios-en-oaxaca-sol-jarquin","status":"publish","type":"post","link":"https:\/\/zonaroja.com.mx\/?p=25153","title":{"rendered":"Autoridades, responsables del aumento de feminicidios en Oaxaca: Sol Jarqu\u00edn"},"content":{"rendered":"\n<p>Redacci\u00f3n\/Zona Roja.<\/p>\n\n\n\n<p>Oaxaca de Ju\u00e1rez, Oax., 26 de marzo de 2021.- La simulaci\u00f3n de las autoridades del Gobierno Oaxaca, encabezado por Alejandro Murat Hinojosa, en torno a la implementaci\u00f3n de pol\u00edticas p\u00fablicas inexistentes a favor de las mujeres, ha propiciado el incremento de feminicidios en la entidad, cuya cifra aumenta d\u00eda con d\u00eda.<\/p>\n\n\n\n<p>As\u00ed lo expuso la periodista Soledad Jarqu\u00edn Edgar en la conversaci\u00f3n que sostuvo con su colega Evlin Arag\u00f3n, como parte del segundo episodio del podcast feminista \u201cOla Violeta\u201d, que se encuentra ya disponible en las principales plataformas de m\u00fasica por internet.&nbsp;<\/p>\n\n\n\n<p>De acuerdo con Jarqu\u00edn Edgar, hoy m\u00e1s que nunca existen gobiernos llenos de simulaci\u00f3n, que reducen los presupuestos para atender la violencia de g\u00e9nero y feminicida y est\u00e1n mayormente preocupados por figurar en los medios de comunicaci\u00f3n que en atender la problem\u00e1tica que se recrudece d\u00eda con d\u00eda.&nbsp;<\/p>\n\n\n\n<p>\u201cPara quienes est\u00e1n encargados de la pol\u00edtica p\u00fablica, todo es salir en los peri\u00f3dicos, en las redes sociales y no tocar a la gente, ese es el grave problema. A ninguna autoridad le interesa hacer cumplir la Ley General de Acceso de las Mujeres a una Vida Libre de Violencia\u201d, dijo.<\/p>\n\n\n\n<p>En el segundo episodio de \u201cOla Violeta\u201d, se abord\u00f3 el tema de los feminicidios en Oaxaca y como la omisi\u00f3n por parte de las autoridades ha propiciado un aumento considerable, al grado que son diez asesinatos violentos de mujeres los que se registran al mes en promedio.&nbsp;<\/p>\n\n\n\n<p>\u201cCon Murat son diez mujeres asesinadas al mes, en promedio, superando lo de otras administraciones. El aumento de la violencia de g\u00e9nero y feminicida tiene que ver con el incremento de la delincuencia organizada, la mayor cantidad de armas que ingresan a la entidad, y la corrupci\u00f3n al interior de las instancias de seguridad que incrementan el riesgo para las mujeres\u201d, refiri\u00f3 la periodista.&nbsp;&nbsp;<\/p>\n\n\n\n<p>As\u00ed mismo, cuestion\u00f3 el actuar de instituciones como la Secretar\u00eda de las Mujeres de Oaxaca, a cargo Ana V\u00e1squez Colmenares, que hoy en d\u00eda se ha convertido en un \u201celefante blanco\u201d, toda vez que la serie de \u201cwebinars\u201d en las que invierte sus energ\u00edas y recursos no resuelven en nada la realidad a la que se enfrentan las oaxaque\u00f1as.&nbsp;<\/p>\n\n\n\n<p>En el mismo sentido se\u00f1al\u00f3 la permanente ausencia de la fiscal especializada en Delitos contra la Mujer por Raz\u00f3n de G\u00e9nero, Mar\u00eda del Carmen Chi\u00f1as Salinas, cuya instancia funciona a medias solo por el esfuerzo de una parte del personal.&nbsp;<\/p>\n\n\n\n<p>Sin dejar de nombrar que la Fiscal\u00eda General de Justicia del Estado ha sido completamente omisa con su obligaci\u00f3n, toda vez que hay retraso en los procesos judiciales, no hay procesos de investigaci\u00f3n y \u00fanicamente responden con simulaciones y complicidades.&nbsp;<\/p>\n\n\n\n<p>De ah\u00ed que en la mayor\u00eda de los casos, de mujeres desaparecidas o v\u00edctimas de feminicidios, han sido las propias madres quienes hacen las funciones de investigadoras para dar con los responsables de los hechos que les arrebataron a sus hijas.&nbsp;&nbsp;<\/p>\n\n\n\n<p>FUNCIONARIOS INSENSIBLES<\/p>\n\n\n\n<p>\u201cSi no tenemos funcionarios sensibles y en cambio los tenemos sobrados de s\u00ed, las mujeres no podemos tener ninguna respuesta. Lamentablemente no hay pol\u00edtica p\u00fablica a favor de las mujeres\u201d, puntualiz\u00f3 Jarqu\u00edn Edgar.&nbsp;&nbsp;<\/p>\n\n\n\n<p>Finalmente, ambas periodistas coincidieron en que las mujeres radicalizaran sus protestas debido a la falta de respuesta por parte de las autoridades, las cu\u00e1les en cualquier nivel, siguen haciendo o\u00eddos sordos a la exigencia de una vida libre de violencia que enarbolan los colectivos feministas.&nbsp;<\/p>\n\n\n\n<p>\u201cOla Violeta\u201d es un podcast feminista conducido por la periodista Evlin Arag\u00f3n que, en su primera temporada, aborda los principales temas de la agenda feminista en Oaxaca y que se encuentra disponible en Spotify, Deezer, Apple Podcast, Amazon Music y Google Podcast.&nbsp;<\/p>\n","protected":false},"excerpt":{"rendered":"<p>Redacci\u00f3n\/Zona Roja. Oaxaca de Ju\u00e1rez, Oax., 26 de marzo de 2021.- La simulaci\u00f3n de las&hellip;<\/p>\n","protected":false},"author":2,"featured_media":25154,"comment_status":"closed","ping_status":"open","sticky":false,"template":"","format":"standard","meta":{"_lmt_disableupdate":"","_lmt_disable":"","_jetpack_memberships_contains_paid_content":false,"footnotes":""},"categories":[109,46],"tags":[2548,2514],"class_list":["post-25153","post","type-post","status-publish","format-standard","has-post-thumbnail","hentry","category-minuto-a-minuto","category-zona-blanca","tag-ola-violeta","tag-evlin-aragon"],"jetpack_featured_media_url":"https:\/\/zonaroja.com.mx\/wp-content\/uploads\/2021\/03\/Evlin-Aragon-y-Soledad-Jarquin.jpg","jetpack_sharing_enabled":true,"_links":{"self":[{"href":"https:\/\/zonaroja.com.mx\/index.php?rest_route=\/wp\/v2\/posts\/25153","targetHints":{"allow":["GET"]}}],"collection":[{"href":"https:\/\/zonaroja.com.mx\/index.php?rest_route=\/wp\/v2\/posts"}],"about":[{"href":"https:\/\/zonaroja.com.mx\/index.php?rest_route=\/wp\/v2\/types\/post"}],"author":[{"embeddable":true,"href":"https:\/\/zonaroja.com.mx\/index.php?rest_route=\/wp\/v2\/users\/2"}],"replies":[{"embeddable":true,"href":"https:\/\/zonaroja.com.mx\/index.php?rest_route=%2Fwp%2Fv2%2Fcomments&post=25153"}],"version-history":[{"count":1,"href":"https:\/\/zonaroja.com.mx\/index.php?rest_route=\/wp\/v2\/posts\/25153\/revisions"}],"predecessor-version":[{"id":25155,"href":"https:\/\/zonaroja.com.mx\/index.php?rest_route=\/wp\/v2\/posts\/25153\/revisions\/25155"}],"wp:featuredmedia":[{"embeddable":true,"href":"https:\/\/zonaroja.com.mx\/index.php?rest_route=\/wp\/v2\/media\/25154"}],"wp:attachment":[{"href":"https:\/\/zonaroja.com.mx\/index.php?rest_route=%2Fwp%2Fv2%2Fmedia&parent=25153"}],"wp:term":[{"taxonomy":"category","embeddable":true,"href":"https:\/\/zonaroja.com.mx\/index.php?rest_route=%2Fwp%2Fv2%2Fcategories&post=25153"},{"taxonomy":"post_tag","embeddable":true,"href":"https:\/\/zonaroja.com.mx\/index.php?rest_route=%2Fwp%2Fv2%2Ftags&post=25153"}],"curies":[{"name":"wp","href":"https:\/\/api.w.org\/{rel}","templated":true}]}}