{"id":25164,"date":"2021-03-26T18:03:00","date_gmt":"2021-03-27T00:03:00","guid":{"rendered":"http:\/\/www.zonaroja.com.mx\/?p=25164"},"modified":"2021-03-26T18:03:03","modified_gmt":"2021-03-27T00:03:03","slug":"tras-diversas-protestas-logran-pobladores-de-atitlan-nueva-eleccion","status":"publish","type":"post","link":"https:\/\/zonaroja.com.mx\/?p=25164","title":{"rendered":"Tras diversas protestas, logran pobladores de Atitl\u00e1n nueva elecci\u00f3n"},"content":{"rendered":"\n<p>Redacci\u00f3n\/Zona Roja.<\/p>\n\n\n\n<p>Oaxaca de Ju\u00e1rez, Oaxaca, a 26 de marzo de 2021.- Luego de diversas marcha, bloqueos a vialidades y protestas, pobladores de agencias de Santiago Atitl\u00e1n lograron que haya una nueva elecci\u00f3n de autoridades municipales.<\/p>\n\n\n\n<p>En sesi\u00f3n p\u00fablica presencial, realizada a puerta cerrada, el pleno del Tribunal Electoral del Estado de Oaxaca (TEEO) revoc\u00f3 el acuerdo del Consejo General del Instituto Estatal Electoral y de Participaci\u00f3n Ciudadana de Oaxaca (IEEPCO), mediante el cual se declar\u00f3 parcialmente v\u00e1lida la elecci\u00f3n ordinaria de concejales al ayuntamiento.<\/p>\n\n\n\n<p>En un comunicado, destac\u00f3 que n la sentencia de los juicios acumulados para la Protecci\u00f3n de los Derechos Pol\u00edtico Electorales del Ciudadano, identificados con las claves JDC\/06\/2021, JDC\/17\/2021 a JDC\/20\/2021, se orden\u00f3 realizar una nueva elecci\u00f3n en esa localidad de la Sierra Ju\u00e1rez.<\/p>\n\n\n\n<p>Con el voto en contra del Magistrado Raymundo Wilfrido L\u00f3pez V\u00e1squez, el \u00f3rgano jurisdiccional determin\u00f3 que a los pobladores de las comunidades de Estancia de Morelos y El Rodeo se les neg\u00f3 no solo la posibilidad de votar, sino tambi\u00e9n el de ser votados y elegir a sus propios candidatos, al no permit\u00edrseles participar en la preparaci\u00f3n de la elecci\u00f3n, ni hab\u00e9rseles convocado a participar en esta.<\/p>\n\n\n\n<p>En el estudio de este asunto, se advirti\u00f3 que no existe certeza que las comunidades actoras hubieren sido notificadas para los actos de preparaci\u00f3n de la elecci\u00f3n de Santiago Atitl\u00e1n, inobserv\u00e1ndose con ello el sistema normativo de la comunidad.<\/p>\n\n\n\n<p>\u201cMenos a\u00fan, est\u00e1 demostrado que les hubieren otorgado toda la informaci\u00f3n pertinente, a efecto de que, en todo caso, los ciudadanos de las comunidades actoras estuvieran en aptitud de decidir si asist\u00edan o no a la asamblea electiva\u201d.<\/p>\n\n\n\n<p>El Tribunal vincul\u00f3 al Gobernador del Estado para que, en breve t\u00e9rmino, env\u00ede al Congreso del Estado la propuesta de integraci\u00f3n de un Consejo Municipal.<\/p>\n\n\n\n<p>RECHAZAN CASO SOLA DE VEGA<\/p>\n\n\n\n<p>Por otro lado, el pleno determin\u00f3 que carece de competencia para resolver el Juicio para la Protecci\u00f3n de los Derechos Pol\u00edtico Electorales del Ciudadano, identificado con la clave JDCI\/67\/2021, promovido por Esa\u00fa N\u00fa\u00f1ez Calvo, presidente municipal de Villa Sola de Vega, en contra del dictamen de la Comisi\u00f3n Permanente de Gobernaci\u00f3n y Asuntos Agrarios del Congreso del Estado de Oaxaca, respecto de la desaparici\u00f3n de poderes de ese Ayuntamiento.<\/p>\n","protected":false},"excerpt":{"rendered":"<p>Redacci\u00f3n\/Zona Roja. Oaxaca de Ju\u00e1rez, Oaxaca, a 26 de marzo de 2021.- Luego de diversas&hellip;<\/p>\n","protected":false},"author":2,"featured_media":25165,"comment_status":"closed","ping_status":"open","sticky":false,"template":"","format":"standard","meta":{"_lmt_disableupdate":"","_lmt_disable":"","_jetpack_memberships_contains_paid_content":false,"footnotes":""},"categories":[109,46],"tags":[2233],"class_list":["post-25164","post","type-post","status-publish","format-standard","has-post-thumbnail","hentry","category-minuto-a-minuto","category-zona-blanca","tag-santiago-atitlan"],"jetpack_featured_media_url":"https:\/\/zonaroja.com.mx\/wp-content\/uploads\/2021\/03\/Protestas-Santiago-Atitlan.jpg","jetpack_sharing_enabled":true,"_links":{"self":[{"href":"https:\/\/zonaroja.com.mx\/index.php?rest_route=\/wp\/v2\/posts\/25164","targetHints":{"allow":["GET"]}}],"collection":[{"href":"https:\/\/zonaroja.com.mx\/index.php?rest_route=\/wp\/v2\/posts"}],"about":[{"href":"https:\/\/zonaroja.com.mx\/index.php?rest_route=\/wp\/v2\/types\/post"}],"author":[{"embeddable":true,"href":"https:\/\/zonaroja.com.mx\/index.php?rest_route=\/wp\/v2\/users\/2"}],"replies":[{"embeddable":true,"href":"https:\/\/zonaroja.com.mx\/index.php?rest_route=%2Fwp%2Fv2%2Fcomments&post=25164"}],"version-history":[{"count":1,"href":"https:\/\/zonaroja.com.mx\/index.php?rest_route=\/wp\/v2\/posts\/25164\/revisions"}],"predecessor-version":[{"id":25166,"href":"https:\/\/zonaroja.com.mx\/index.php?rest_route=\/wp\/v2\/posts\/25164\/revisions\/25166"}],"wp:featuredmedia":[{"embeddable":true,"href":"https:\/\/zonaroja.com.mx\/index.php?rest_route=\/wp\/v2\/media\/25165"}],"wp:attachment":[{"href":"https:\/\/zonaroja.com.mx\/index.php?rest_route=%2Fwp%2Fv2%2Fmedia&parent=25164"}],"wp:term":[{"taxonomy":"category","embeddable":true,"href":"https:\/\/zonaroja.com.mx\/index.php?rest_route=%2Fwp%2Fv2%2Fcategories&post=25164"},{"taxonomy":"post_tag","embeddable":true,"href":"https:\/\/zonaroja.com.mx\/index.php?rest_route=%2Fwp%2Fv2%2Ftags&post=25164"}],"curies":[{"name":"wp","href":"https:\/\/api.w.org\/{rel}","templated":true}]}}