{"id":25167,"date":"2021-03-26T18:50:56","date_gmt":"2021-03-27T00:50:56","guid":{"rendered":"http:\/\/www.zonaroja.com.mx\/?p=25167"},"modified":"2021-03-26T18:51:01","modified_gmt":"2021-03-27T00:51:01","slug":"roban-a-escuela-a-un-costado-de-palacio-municipal-de-santa-lucia-del-camino","status":"publish","type":"post","link":"https:\/\/zonaroja.com.mx\/?p=25167","title":{"rendered":"Roban a escuela a un costado de palacio municipal de Santa Luc\u00eda del Camino"},"content":{"rendered":"\n<p>Yuridiana Sosa\/Zona Roja.<\/p>\n\n\n\n<p>Oaxaca de Ju\u00e1rez, Oax., 26 de marzo de 2021.- Los hechos delictivos en Santa Luc\u00eda del Camino no tienen l\u00edmites y se cometen hasta en lugares vecinos al palacio municipal, donde supuestamente permanecen de forma permanentes elementos de seguridad.<\/p>\n\n\n\n<p>El pasado mi\u00e9rcoles 24 de marzo, el jard\u00edn de ni\u00f1os \u201cEmilio Zola\u201d, ubicado a un costado del palacio municipal, en la privada de Narciso Mendoza, fue v\u00edctima del hampa y la inseguridad.<\/p>\n\n\n\n<p>La direcci\u00f3n escolar y el Comit\u00e9 de Padres de Familia confirmaron el robo, el cual fue perpetrado al forzar los accesos de la bodega, la oficina de la direcci\u00f3n y de aulas de la instituci\u00f3n, a la que la Polic\u00eda Municipal arrib\u00f3 despu\u00e9s que el personal de la escuela solicit\u00f3 su presencia.<\/p>\n\n\n\n<figure class=\"wp-block-embed-twitter wp-block-embed is-type-rich is-provider-twitter\"><div class=\"wp-block-embed__wrapper\">\n<div class=\"twitter-tweet\"><blockquote class=\"twitter-tweet\" data-lang=\"es\"><p lang=\"es\" dir=\"ltr\">\u00a1In\u00e9dito! A unos pasos del palacio municipal de Santa Luc\u00eda del Camino (<a href=\"https:\/\/twitter.com\/MunSantaLucia?ref_src=twsrc%5Etfw\">@MunSantaLucia<\/a>), donde en todo momento hay polic\u00edas municipales, hace dos d\u00edas fue cometido un robo a un plantel de preescolar, en que sustrajeron diversos equipos y materiales. <a href=\"https:\/\/t.co\/QqNs5HxhR2\">pic.twitter.com\/QqNs5HxhR2<\/a><\/p>&mdash; Zona Roja Oaxaca (@Zona_Roja_Oax) <a href=\"https:\/\/twitter.com\/Zona_Roja_Oax\/status\/1375594477239345157?ref_src=twsrc%5Etfw\">26 de marzo de 2021<\/a><\/blockquote><\/div>\n<\/div><\/figure>\n\n\n\n<p>Del plantel educativo fue sustra\u00edda una pantalla de led, cuatro grabadoras, una computadora port\u00e1til, set de micr\u00f3fonos y un bafle entre otro equipo de utilidad para las actividades escolares.<\/p>\n\n\n\n<p>De acuerdo a comunicado de robo, los padres de familia demandaron a la polic\u00eda de Santa Luc\u00eda del Camino a que se mantenga pendiente de alguna actividad sospechosa sobre venta de art\u00edculos con las caracter\u00edsticas que ofrecieron de los robados.<\/p>\n\n\n\n<p>Los afectados presentaron la denuncia correspondiente a la Fiscal\u00eda General de Oaxaca, en espera de las indagatorias.<\/p>\n","protected":false},"excerpt":{"rendered":"<p>Yuridiana Sosa\/Zona Roja. Oaxaca de Ju\u00e1rez, Oax., 26 de marzo de 2021.- Los hechos delictivos&hellip;<\/p>\n","protected":false},"author":2,"featured_media":25168,"comment_status":"closed","ping_status":"open","sticky":false,"template":"","format":"standard","meta":{"_lmt_disableupdate":"","_lmt_disable":"","_jetpack_memberships_contains_paid_content":false,"footnotes":""},"categories":[109,47],"tags":[337],"class_list":["post-25167","post","type-post","status-publish","format-standard","has-post-thumbnail","hentry","category-minuto-a-minuto","category-zona-gris","tag-santa-lucia-del-camino"],"jetpack_featured_media_url":"https:\/\/zonaroja.com.mx\/wp-content\/uploads\/2021\/03\/Robo-escuela-Emilio-Zola.jpg","jetpack_sharing_enabled":true,"_links":{"self":[{"href":"https:\/\/zonaroja.com.mx\/index.php?rest_route=\/wp\/v2\/posts\/25167","targetHints":{"allow":["GET"]}}],"collection":[{"href":"https:\/\/zonaroja.com.mx\/index.php?rest_route=\/wp\/v2\/posts"}],"about":[{"href":"https:\/\/zonaroja.com.mx\/index.php?rest_route=\/wp\/v2\/types\/post"}],"author":[{"embeddable":true,"href":"https:\/\/zonaroja.com.mx\/index.php?rest_route=\/wp\/v2\/users\/2"}],"replies":[{"embeddable":true,"href":"https:\/\/zonaroja.com.mx\/index.php?rest_route=%2Fwp%2Fv2%2Fcomments&post=25167"}],"version-history":[{"count":1,"href":"https:\/\/zonaroja.com.mx\/index.php?rest_route=\/wp\/v2\/posts\/25167\/revisions"}],"predecessor-version":[{"id":25169,"href":"https:\/\/zonaroja.com.mx\/index.php?rest_route=\/wp\/v2\/posts\/25167\/revisions\/25169"}],"wp:featuredmedia":[{"embeddable":true,"href":"https:\/\/zonaroja.com.mx\/index.php?rest_route=\/wp\/v2\/media\/25168"}],"wp:attachment":[{"href":"https:\/\/zonaroja.com.mx\/index.php?rest_route=%2Fwp%2Fv2%2Fmedia&parent=25167"}],"wp:term":[{"taxonomy":"category","embeddable":true,"href":"https:\/\/zonaroja.com.mx\/index.php?rest_route=%2Fwp%2Fv2%2Fcategories&post=25167"},{"taxonomy":"post_tag","embeddable":true,"href":"https:\/\/zonaroja.com.mx\/index.php?rest_route=%2Fwp%2Fv2%2Ftags&post=25167"}],"curies":[{"name":"wp","href":"https:\/\/api.w.org\/{rel}","templated":true}]}}