{"id":25170,"date":"2021-03-26T19:55:59","date_gmt":"2021-03-27T01:55:59","guid":{"rendered":"http:\/\/www.zonaroja.com.mx\/?p=25170"},"modified":"2021-03-26T19:56:04","modified_gmt":"2021-03-27T01:56:04","slug":"preven-se-levante-paro-de-labores-de-policias-este-fin-de-semana-hay-avances","status":"publish","type":"post","link":"https:\/\/zonaroja.com.mx\/?p=25170","title":{"rendered":"Prev\u00e9n se levante paro de labores de polic\u00edas este fin de semana; hay avances"},"content":{"rendered":"\n<p>Redacci\u00f3n\/Zona Roja.<\/p>\n\n\n\n<p>Oaxaca de Ju\u00e1rez, Oax., 26 de marzo de 2021.- Tras ocho d\u00edas de protestas, este fin de semana podr\u00eda levantarse el paro de labores de un grupo de elementos de la Polic\u00eda Estatal, al lograrse hoy avances relevantes entre el Gobierno del Estado y los uniformados, en la revisi\u00f3n de sus demandas econ\u00f3micas.<\/p>\n\n\n\n<p>LOS AVANCES<\/p>\n\n\n\n<p>De acuerdo con las autoridades estatales, este viernes concluy\u00f3 una tercera mesa de di\u00e1logo, en que se dio respuesta al 100 por ciento a las demandas de los polic\u00edas.<\/p>\n\n\n\n<p>Con respecto al aumento salarial, \u00e9ste se otorgar\u00e1 al concluir la negociaci\u00f3n con el sindicato de bur\u00f3cratas, como sucede cada a\u00f1o, y cuyo emplazamiento a\u00fan est\u00e1 en revisi\u00f3n.<\/p>\n\n\n\n<figure class=\"wp-block-embed-twitter wp-block-embed is-type-rich is-provider-twitter\"><div class=\"wp-block-embed__wrapper\">\n<div class=\"twitter-tweet\"><blockquote class=\"twitter-tweet\" data-lang=\"es\"><p lang=\"es\" dir=\"ltr\"><a href=\"https:\/\/twitter.com\/hashtag\/%C3%9AltimoMinuto?src=hash&amp;ref_src=twsrc%5Etfw\">#\u00daltimoMinuto<\/a> <br>Seg\u00fan el <a href=\"https:\/\/twitter.com\/GobOax?ref_src=twsrc%5Etfw\">@GobOax<\/a>, est\u00e1n pr\u00e1cticamente resueltas las demandas de elementos de la <a href=\"https:\/\/twitter.com\/Policia_GobOax?ref_src=twsrc%5Etfw\">@Policia_GobOax<\/a>, a una semana del paro de labores. <br>No obstante, esta tarde los uniformados acudieron a la sede del Congreso para dialogar con los diputados acerca de sus peticiones. <a href=\"https:\/\/t.co\/XSVYaOzM9V\">pic.twitter.com\/XSVYaOzM9V<\/a><\/p>&mdash; Zona Roja Oaxaca (@Zona_Roja_Oax) <a href=\"https:\/\/twitter.com\/Zona_Roja_Oax\/status\/1375549174658260995?ref_src=twsrc%5Etfw\">26 de marzo de 2021<\/a><\/blockquote><\/div>\n<\/div><\/figure>\n\n\n\n<p>Con respecto al apoyo para alimentos, que era de 35 pesos, se propuso incrementar a un 45 por ciento, lo que representa un 45 por ciento; la media nacional es de 42 pesos.<\/p>\n\n\n\n<p>El gobierno estatal detall\u00f3 en este punto, los uniformados no est\u00e1n de acuerdo, pues exigen que sea de 300 pesos, \u201caumento que resulta imposible por las restricciones presupuestarias\u201d.<\/p>\n\n\n\n<p>Del seguro de vida, se contratar\u00e1 una nueva p\u00f3liza para que se tenga un aumento a la indemnizaci\u00f3n, la cual asciende de 450 mil a 500 mil pesos por muerte accidental y de 200 a 250 mil por muerte natural; adem\u00e1s, los gastos funerarios se incrementan de 40 a 50 mil pesos.<\/p>\n\n\n\n<p>En vivienda, se gestionan cr\u00e9ditos hipotecarios a trav\u00e9s de la banca comercial, a tasas preferenciales, para adquisici\u00f3n, remodelaci\u00f3n o ampliaci\u00f3n; adem\u00e1s, otorgar\u00e1 un apoyo de 10 mil pesos a los primeros 300 cr\u00e9ditos aprobados.<\/p>\n\n\n\n<p>Adem\u00e1s, se plante\u00f3 un bono por el D\u00eda del Padre, de 150 pesos, as\u00ed como un pago de un bono \u00fanico por 800 pesos; con respecto al IMSS, es el mismo servicio que tienen todos los trabajadores derechohabientes. Este viernes se recibir\u00eda la contrapropuesta de los inconformes.<\/p>\n\n\n\n<p>MARCHA Y COMPROMISO LEGISLATIVO<\/p>\n\n\n\n<figure class=\"wp-block-embed-twitter wp-block-embed is-type-rich is-provider-twitter\"><div class=\"wp-block-embed__wrapper\">\n<div class=\"twitter-tweet\"><blockquote class=\"twitter-tweet\" data-lang=\"es\"><p lang=\"es\" dir=\"ltr\"><a href=\"https:\/\/twitter.com\/hashtag\/%C3%9AltimoMinuto?src=hash&amp;ref_src=twsrc%5Etfw\">#\u00daltimoMinuto<\/a> <br>Los diputados <a href=\"https:\/\/twitter.com\/DelfinaGuzmanD1?ref_src=twsrc%5Etfw\">@DelfinaGuzmanD1<\/a> y <a href=\"https:\/\/twitter.com\/HoracioSosaOax?ref_src=twsrc%5Etfw\">@HoracioSosaOax<\/a> atendieron a los elementos de la <a href=\"https:\/\/twitter.com\/Policia_GobOax?ref_src=twsrc%5Etfw\">@Policia_GobOax<\/a> inconformes. <br>El legislador insisti\u00f3 en que el gobernador <a href=\"https:\/\/twitter.com\/alejandromurat?ref_src=twsrc%5Etfw\">@alejandromurat<\/a> debe dar respuesta integral a las peticiones. <a href=\"https:\/\/t.co\/7eKwioeQH6\">pic.twitter.com\/7eKwioeQH6<\/a><\/p>&mdash; Zona Roja Oaxaca (@Zona_Roja_Oax) <a href=\"https:\/\/twitter.com\/Zona_Roja_Oax\/status\/1375556595631845376?ref_src=twsrc%5Etfw\">26 de marzo de 2021<\/a><\/blockquote><\/div>\n<\/div><\/figure>\n\n\n\n<p>Al concluir la mesa de negociaci\u00f3n, un grupo de uniformados, con patrullas, sali\u00f3 del cuartel de la Polic\u00eda Estatal, en Santa Mar\u00eda Coyotepec, para acudir a la sede del Congreso, donde fueron recibidos por un grupo de diputados.<\/p>\n\n\n\n<p>De acuerdo con un comunicado, el Congreso del Estado de Oaxaca anunci\u00f3 que dar\u00e1 acompa\u00f1amiento a los elementos de la Polic\u00eda Estatal, en las mesas de atenci\u00f3n y di\u00e1logo para dar pronta soluci\u00f3n a sus diversas demandas.<\/p>\n\n\n\n<p>En la puerta principal de la sede Legislativa, la presidenta de la Junta de Coordinaci\u00f3n Pol\u00edtica, diputada Delfina Guzm\u00e1n, escuch\u00f3 a las decenas de polic\u00edas manifestantes, las cuales no han encontrado respuestas suficientes por parte de las autoridades competentes, por lo que acudieron a pedir la intervenci\u00f3n del Poder Legislativo.<\/p>\n\n\n\n<p>Indic\u00f3 que, a trav\u00e9s de la Comisi\u00f3n Permanente de Seguridad y Protecci\u00f3n Ciudadana, la Diputaci\u00f3n buscar\u00e1 ser parte de las mesas que actualmente el Poder Ejecutivo mantiene con la representaci\u00f3n de los y las polic\u00edas demandantes.<\/p>\n\n\n\n<p>\u201cEsta Soberan\u00eda popular emiti\u00f3 en d\u00edas pasados un exhorto al Gobernador del Estado, para que atienda la realidad que vive la Polic\u00eda Estatal, y cubra sus peticiones. Todos tienen una familia por quien ver y necesitan la seguridad que s\u00ed les tiene que prestar la parte patronal, que es el Gobierno del Estado\u201d, explic\u00f3.<\/p>\n\n\n\n<p>La tambi\u00e9n representante legal del Congreso estatal, reiter\u00f3 su respeto y admiraci\u00f3n hacia quienes a diario arriesgan su vida por la seguridad del pueblo de Oaxaca, y a la justa petici\u00f3n que mantiene en movilizaci\u00f3n a las corporaciones que conforman la Secretar\u00eda de Seguridad P\u00fablica estatal.<\/p>\n\n\n\n<p>Asimismo, el congresista Horacio Sosa Villavicencio, sostuvo que este Parlamento estatal ha hecho suyas las exigencias de los uniformados, y har\u00e1n lo propio desde las comisiones de Presupuesto y Programaci\u00f3n, de Trabajo y Seguridad Social y de Seguridad y Protecci\u00f3n Ciudadana, para abonar a la pronta atenci\u00f3n de sus necesidades.<\/p>\n\n\n\n<p>Anunci\u00f3 que ya se estudia una iniciativa para establecer en la Ley la obligaci\u00f3n de las autoridades para mejorar las condiciones laborales de las polic\u00edas.<\/p>\n\n\n\n<p>\u201cDesde aqu\u00ed le decimos al Gobernador del Estado que atienda sus demandas, que as\u00ed como atienda otros rubros, que vea a la seguridad p\u00fablica, porque sabemos que la demanda de los elementos son justas y las condiciones en las que se encuentran sus cuarteles\u201d, refiri\u00f3.<\/p>\n","protected":false},"excerpt":{"rendered":"<p>Redacci\u00f3n\/Zona Roja. Oaxaca de Ju\u00e1rez, Oax., 26 de marzo de 2021.- Tras ocho d\u00edas de&hellip;<\/p>\n","protected":false},"author":2,"featured_media":25171,"comment_status":"closed","ping_status":"open","sticky":false,"template":"","format":"standard","meta":{"_lmt_disableupdate":"","_lmt_disable":"","_jetpack_memberships_contains_paid_content":false,"footnotes":""},"categories":[109,47],"tags":[984],"class_list":["post-25170","post","type-post","status-publish","format-standard","has-post-thumbnail","hentry","category-minuto-a-minuto","category-zona-gris","tag-policia-estatal-de-oaxaca"],"jetpack_featured_media_url":"https:\/\/zonaroja.com.mx\/wp-content\/uploads\/2021\/03\/Protesta-Policia-Estatal-en-Congreso.jpg","jetpack_sharing_enabled":true,"_links":{"self":[{"href":"https:\/\/zonaroja.com.mx\/index.php?rest_route=\/wp\/v2\/posts\/25170","targetHints":{"allow":["GET"]}}],"collection":[{"href":"https:\/\/zonaroja.com.mx\/index.php?rest_route=\/wp\/v2\/posts"}],"about":[{"href":"https:\/\/zonaroja.com.mx\/index.php?rest_route=\/wp\/v2\/types\/post"}],"author":[{"embeddable":true,"href":"https:\/\/zonaroja.com.mx\/index.php?rest_route=\/wp\/v2\/users\/2"}],"replies":[{"embeddable":true,"href":"https:\/\/zonaroja.com.mx\/index.php?rest_route=%2Fwp%2Fv2%2Fcomments&post=25170"}],"version-history":[{"count":1,"href":"https:\/\/zonaroja.com.mx\/index.php?rest_route=\/wp\/v2\/posts\/25170\/revisions"}],"predecessor-version":[{"id":25172,"href":"https:\/\/zonaroja.com.mx\/index.php?rest_route=\/wp\/v2\/posts\/25170\/revisions\/25172"}],"wp:featuredmedia":[{"embeddable":true,"href":"https:\/\/zonaroja.com.mx\/index.php?rest_route=\/wp\/v2\/media\/25171"}],"wp:attachment":[{"href":"https:\/\/zonaroja.com.mx\/index.php?rest_route=%2Fwp%2Fv2%2Fmedia&parent=25170"}],"wp:term":[{"taxonomy":"category","embeddable":true,"href":"https:\/\/zonaroja.com.mx\/index.php?rest_route=%2Fwp%2Fv2%2Fcategories&post=25170"},{"taxonomy":"post_tag","embeddable":true,"href":"https:\/\/zonaroja.com.mx\/index.php?rest_route=%2Fwp%2Fv2%2Ftags&post=25170"}],"curies":[{"name":"wp","href":"https:\/\/api.w.org\/{rel}","templated":true}]}}