{"id":25175,"date":"2021-03-26T21:19:09","date_gmt":"2021-03-27T03:19:09","guid":{"rendered":"http:\/\/www.zonaroja.com.mx\/?p=25175"},"modified":"2021-03-26T21:19:12","modified_gmt":"2021-03-27T03:19:12","slug":"opinion-a-un-ano-de-la-sana-distancia","status":"publish","type":"post","link":"https:\/\/zonaroja.com.mx\/?p=25175","title":{"rendered":"Opini\u00f3n. A un a\u00f1o de la sana distancia"},"content":{"rendered":"\n<p>Porfirio Flores*<\/p>\n\n\n\n<p>El lunes 23 de marzo del 2020, los estudiantes de todos los niveles educativos de M\u00e9xico, suspendieron clases. Con la esperanza de que tres semanas ser\u00edan suficientes para enfrentar la pandemia de la Covid-19, celebraron tener m\u00e1s d\u00edas de descanso. Pero no fue as\u00ed, no fue suficiente y nadie regres\u00f3 a las aulas.<\/p>\n\n\n\n<p>A partir de entonces todo cambi\u00f3. Nuestro vocabulario se empez\u00f3 a llenar de t\u00e9rminos y expresiones que se volvieron comunes cuando eran extra\u00f1as. Pandemia, sana distancia, pruebas de Covid-19, casos positivos, casos negativos, sem\u00e1foro rojo, naranja, amarillo y verde. Ni qu\u00e9 decir del cubrebocas, gel antibacterial, alcohol y la sanitizaci\u00f3n o desinfecci\u00f3n.<\/p>\n\n\n\n<p>Por primera vez nos import\u00f3 la ocupaci\u00f3n hospitalaria de los nosocomios del pa\u00eds y como nunca seguimos paso a paso el desarrollo de una vacuna que pudiera contrarrestar ese virus que transform\u00f3 para siempre el estilo de vida de todos. Las palabras presencial y en l\u00ednea, tuvieron una connotaci\u00f3n muy cercana.<\/p>\n\n\n\n<p>Conocimos tambi\u00e9n que hab\u00eda actividades esenciales y no esenciales. S\u00ed, como si estuvi\u00e9semos en una guerra.<\/p>\n\n\n\n<p>Los hogares mexicanos se convirtieron casi todos en escuela y muchos tambi\u00e9n en iglesia porque los servicios religiosos dejaron los templos para llenar cada casa-habitaci\u00f3n.<\/p>\n\n\n\n<p>El internet devino en la parte central de la vida de las personas porque la red se convirti\u00f3 en el medio ya no solo para aprender y divertirse, sino tambi\u00e9n para comprar y vender.<\/p>\n\n\n\n<p>El confinamiento qued\u00f3 sellado con la campa\u00f1a \u201cQu\u00e9date en casa\u201d que o\u00edmos miles de veces como un grito de alerta que se fue propagando, repitiendo y casi vociferando para detener la mortandad que lleg\u00f3 a M\u00e9xico y al mundo como si se tratara de una maldici\u00f3n o azote. Todo ello en aras de la sana distancia.<\/p>\n\n\n\n<p>Sin embargo, con todo y ese gran esfuerzo emprendido, en M\u00e9xico han muerto casi 200 mil personas entre el 23 de marzo del 2020 y 23 de marzo del 2021. Todos o casi todos perdimos un familiar, amigo, vecino o conocido por quienes lloramos y sufrimos.<\/p>\n\n\n\n<p>Pero tambi\u00e9n en medio de la desolaci\u00f3n tuvimos alegr\u00edas por familiares, amigos y vecinos que lograron derrotar al virus y tras una penosa convalecencia en el hospital o en su propia casa recuperaron su salud y festejamos su victoria como si hubiera sido propia porque celebr\u00e1bamos la vida.<\/p>\n\n\n\n<p>A un a\u00f1o de la sana distancia la interrogante que surge es qu\u00e9 aprendimos en lo personal y colectivo. Qu\u00e9 lecciones quedaron selladas en nuestra mente y nuestro coraz\u00f3n.<\/p>\n\n\n\n<p>Es importante saber qu\u00e9 instrucci\u00f3n nos trajo esta pandemia porque si bien ya hay vacunas, a\u00fan falta mucho para que la vida de todos vuelva a la normalidad que ten\u00edamos.<\/p>\n\n\n\n<p>* Abogado y periodista.<\/p>\n","protected":false},"excerpt":{"rendered":"<p>Porfirio Flores* El lunes 23 de marzo del 2020, los estudiantes de todos los niveles&hellip;<\/p>\n","protected":false},"author":2,"featured_media":25176,"comment_status":"closed","ping_status":"open","sticky":false,"template":"","format":"standard","meta":{"_lmt_disableupdate":"","_lmt_disable":"","_jetpack_memberships_contains_paid_content":false,"footnotes":""},"categories":[456,109],"tags":[2515],"class_list":["post-25175","post","type-post","status-publish","format-standard","has-post-thumbnail","hentry","category-columna","category-minuto-a-minuto","tag-porfirio-flores-zuniga"],"jetpack_featured_media_url":"https:\/\/zonaroja.com.mx\/wp-content\/uploads\/2021\/03\/Porfirio-Flores-Zuniga.png","jetpack_sharing_enabled":true,"_links":{"self":[{"href":"https:\/\/zonaroja.com.mx\/index.php?rest_route=\/wp\/v2\/posts\/25175","targetHints":{"allow":["GET"]}}],"collection":[{"href":"https:\/\/zonaroja.com.mx\/index.php?rest_route=\/wp\/v2\/posts"}],"about":[{"href":"https:\/\/zonaroja.com.mx\/index.php?rest_route=\/wp\/v2\/types\/post"}],"author":[{"embeddable":true,"href":"https:\/\/zonaroja.com.mx\/index.php?rest_route=\/wp\/v2\/users\/2"}],"replies":[{"embeddable":true,"href":"https:\/\/zonaroja.com.mx\/index.php?rest_route=%2Fwp%2Fv2%2Fcomments&post=25175"}],"version-history":[{"count":1,"href":"https:\/\/zonaroja.com.mx\/index.php?rest_route=\/wp\/v2\/posts\/25175\/revisions"}],"predecessor-version":[{"id":25177,"href":"https:\/\/zonaroja.com.mx\/index.php?rest_route=\/wp\/v2\/posts\/25175\/revisions\/25177"}],"wp:featuredmedia":[{"embeddable":true,"href":"https:\/\/zonaroja.com.mx\/index.php?rest_route=\/wp\/v2\/media\/25176"}],"wp:attachment":[{"href":"https:\/\/zonaroja.com.mx\/index.php?rest_route=%2Fwp%2Fv2%2Fmedia&parent=25175"}],"wp:term":[{"taxonomy":"category","embeddable":true,"href":"https:\/\/zonaroja.com.mx\/index.php?rest_route=%2Fwp%2Fv2%2Fcategories&post=25175"},{"taxonomy":"post_tag","embeddable":true,"href":"https:\/\/zonaroja.com.mx\/index.php?rest_route=%2Fwp%2Fv2%2Ftags&post=25175"}],"curies":[{"name":"wp","href":"https:\/\/api.w.org\/{rel}","templated":true}]}}