{"id":25178,"date":"2021-03-26T21:44:14","date_gmt":"2021-03-27T03:44:14","guid":{"rendered":"http:\/\/www.zonaroja.com.mx\/?p=25178"},"modified":"2021-03-26T21:58:22","modified_gmt":"2021-03-27T03:58:22","slug":"frente-14-de-junio-causa-caos-en-la-capital-por-desatencion-de-segego","status":"publish","type":"post","link":"https:\/\/zonaroja.com.mx\/?p=25178","title":{"rendered":"Frente \u201c14 de junio\u201d causa caos en la capital por desatenci\u00f3n de Segego"},"content":{"rendered":"\n<p>Yuridiana Sosa\/Zona Roja.<\/p>\n\n\n\n<p>Oaxaca de Ju\u00e1rez, Oax., 26 de marzo de 2021.- Las movilizaciones siguen sin freno en Oaxaca, a falta de operaci\u00f3n pol\u00edtica por parte de la Secretar\u00eda General de Gobierno (Segego).<\/p>\n\n\n\n<p>En el marco de la gira de trabajo del secretario de Hacienda a la entidad, militantes del Frente Popular \u201c14 de Junio\u201d bloque\u00f3 cruceros viales, se apoder\u00f3 de camiones del transporte p\u00fablico, atemoriz\u00f3 a los automovilistas y gener\u00f3 caos en la capital.<\/p>\n\n\n\n<p>Mientras el titular de la Segego, Francisco Garc\u00eda, atiende el l\u00edo de la Polic\u00eda Estatal en paro y el cual no ha logrado destensar, la capital oaxaque\u00f1a todos los d\u00edas es reh\u00e9n de protestas y bloqueos de distintos grupos que denuncian la indiferencia de dicha secretar\u00eda para solucionar los problemas en la entidad.<\/p>\n\n\n\n<p>La organizaci\u00f3n aprovech\u00f3 la falta de capacidad resolutiva de la Segego para desquiciar la ciudad, con marcha, cierre de calles en la avenida Independencia y Crespo en el Centro Hist\u00f3rico de la capital, as\u00ed como en la calle de Fiallo con bulevar Eduardo Mata.<\/p>\n\n\n\n<p>Ante la falta de atenci\u00f3n durante las primeas horas de protesta, la organizaci\u00f3n extendi\u00f3 su inconformidad el bloqueo en el crucero de Cinco Se\u00f1ores, avenida Universidad frente a Rector\u00eda de la UABJO, en perif\u00e9rico en inmediaciones del Parque del Amor, adem\u00e1s en la calle de Col\u00f3n.<\/p>\n\n\n\n<figure class=\"wp-block-embed-twitter wp-block-embed is-type-rich is-provider-twitter\"><div class=\"wp-block-embed__wrapper\">\n<div class=\"twitter-tweet\"><blockquote class=\"twitter-tweet\" data-lang=\"es\"><p lang=\"es\" dir=\"ltr\"><a href=\"https:\/\/twitter.com\/hashtag\/ENVIVO?src=hash&amp;ref_src=twsrc%5Etfw\">#ENVIVO<\/a> <br>Oaxaca de Ju\u00e1rez, Oax., a 26 de marzo de 2021.- Militantes del Frente Popular \u201c14 de Junio\u201d bloquean la avenida Independencia y Crespo, Centro Hist\u00f3rico de la ciudad. <br>Aqu\u00ed la transmisi\u00f3n: <a href=\"https:\/\/t.co\/b8FeSAE694\">https:\/\/t.co\/b8FeSAE694<\/a> <a href=\"https:\/\/t.co\/KUWqVzrwu7\">pic.twitter.com\/KUWqVzrwu7<\/a><\/p>&mdash; Zona Roja Oaxaca (@Zona_Roja_Oax) <a href=\"https:\/\/twitter.com\/Zona_Roja_Oax\/status\/1375527950318252038?ref_src=twsrc%5Etfw\">26 de marzo de 2021<\/a><\/blockquote><\/div>\n<\/div><\/figure>\n\n\n\n<p>Los manifestantes exigen una mesa de di\u00e1logo con la Segego y con la Fiscal\u00eda General de Oaxaca para tratar el tema de sus presos pol\u00edticos y supuesta persecuci\u00f3n pol\u00edtica de sus l\u00edderes.<\/p>\n\n\n\n<p>Entre ellos la liberaci\u00f3n de Javier Francisco M. hijo del fundador de la organizaci\u00f3n Francisco Mart\u00ednez S\u00e1nchez \u201cDon Panchito\u201d, este \u00faltimo pr\u00f3fugo.<\/p>\n\n\n\n<p>Pero tambi\u00e9n agregaron la denuncia del desalojo que la Polic\u00eda Municipal de Oaxaca de Ju\u00e1rez e inspectores de comercio realizaron en su contra la madrugada del 24 de marzo luego que el 23 por la ma\u00f1ana se instalaron con puestos informales en el z\u00f3calo de la capital como parte de su protesta.<\/p>\n\n\n\n<p>El Frente denunci\u00f3 robo de su mercanc\u00eda y estructuras de sus negocios, los cuales, seg\u00fan el ayuntamiento capitalino, se encuentran en poder del gobierno municipal en tanto no se realicen los tr\u00e1mites correspondientes para recuperarlos.<\/p>\n\n\n\n<p>Durante las protestas, un ciudadano fue asaltado y agredido con arma blanca por parte de los manifestantes, en el Perif\u00e9rico esquina con Fiallo; no obstante los polic\u00edas no llegaron a la zona y fue la Cruz Roja Mexicana quien atendi\u00f3 al lesionado.<\/p>\n","protected":false},"excerpt":{"rendered":"<p>Yuridiana Sosa\/Zona Roja. Oaxaca de Ju\u00e1rez, Oax., 26 de marzo de 2021.- Las movilizaciones siguen&hellip;<\/p>\n","protected":false},"author":2,"featured_media":25183,"comment_status":"closed","ping_status":"open","sticky":false,"template":"","format":"standard","meta":{"_lmt_disableupdate":"","_lmt_disable":"","_jetpack_memberships_contains_paid_content":false,"footnotes":""},"categories":[109,47],"tags":[2018],"class_list":["post-25178","post","type-post","status-publish","format-standard","has-post-thumbnail","hentry","category-minuto-a-minuto","category-zona-gris","tag-frente-popular-14-de-junio-oaxaca"],"jetpack_featured_media_url":"https:\/\/zonaroja.com.mx\/wp-content\/uploads\/2021\/03\/Bloqueos-FP-14-de-Junio.jpg","jetpack_sharing_enabled":true,"_links":{"self":[{"href":"https:\/\/zonaroja.com.mx\/index.php?rest_route=\/wp\/v2\/posts\/25178","targetHints":{"allow":["GET"]}}],"collection":[{"href":"https:\/\/zonaroja.com.mx\/index.php?rest_route=\/wp\/v2\/posts"}],"about":[{"href":"https:\/\/zonaroja.com.mx\/index.php?rest_route=\/wp\/v2\/types\/post"}],"author":[{"embeddable":true,"href":"https:\/\/zonaroja.com.mx\/index.php?rest_route=\/wp\/v2\/users\/2"}],"replies":[{"embeddable":true,"href":"https:\/\/zonaroja.com.mx\/index.php?rest_route=%2Fwp%2Fv2%2Fcomments&post=25178"}],"version-history":[{"count":1,"href":"https:\/\/zonaroja.com.mx\/index.php?rest_route=\/wp\/v2\/posts\/25178\/revisions"}],"predecessor-version":[{"id":25179,"href":"https:\/\/zonaroja.com.mx\/index.php?rest_route=\/wp\/v2\/posts\/25178\/revisions\/25179"}],"wp:featuredmedia":[{"embeddable":true,"href":"https:\/\/zonaroja.com.mx\/index.php?rest_route=\/wp\/v2\/media\/25183"}],"wp:attachment":[{"href":"https:\/\/zonaroja.com.mx\/index.php?rest_route=%2Fwp%2Fv2%2Fmedia&parent=25178"}],"wp:term":[{"taxonomy":"category","embeddable":true,"href":"https:\/\/zonaroja.com.mx\/index.php?rest_route=%2Fwp%2Fv2%2Fcategories&post=25178"},{"taxonomy":"post_tag","embeddable":true,"href":"https:\/\/zonaroja.com.mx\/index.php?rest_route=%2Fwp%2Fv2%2Ftags&post=25178"}],"curies":[{"name":"wp","href":"https:\/\/api.w.org\/{rel}","templated":true}]}}