{"id":25180,"date":"2021-03-26T21:55:44","date_gmt":"2021-03-27T03:55:44","guid":{"rendered":"http:\/\/www.zonaroja.com.mx\/?p=25180"},"modified":"2021-03-26T21:55:48","modified_gmt":"2021-03-27T03:55:48","slug":"marchan-para-exigir-justicia-tras-liberacion-de-potencial-feminicida","status":"publish","type":"post","link":"https:\/\/zonaroja.com.mx\/?p=25180","title":{"rendered":"Marchan para exigir justicia tras liberaci\u00f3n de \u201cpotencial feminicida\u201d"},"content":{"rendered":"\n<p>Ismael Garc\u00eda M.\/Zona Roja.<\/p>\n\n\n\n<p>Oaxaca de Ju\u00e1rez, Oax., 26 de marzo de 2021.- Familiares de Esther S. M. marcharon hoy para reiterar su exigencia de justicia, tras la liberaci\u00f3n por parte de un juez, de su agresor, identificado como Sa\u00fal Canseco Ramos.<\/p>\n\n\n\n<p>Un grupo de personas, principalmente mujeres, incluyendo la v\u00edctima, parti\u00f3 de la fuente de las Ocho Regiones hacia el z\u00f3calo, para demandar al Poder Judicial y a la Fiscal\u00eda General del Estado mayor atenci\u00f3n al caso.<\/p>\n\n\n\n<p>En entrevista, la v\u00edctima Esther S. M., record\u00f3 que son al menos siete actos violentos por los que est\u00e1 denunciado el sujeto mencionado, desde el a\u00f1o 2019; el m\u00e1s reciente caso fue de noviembre de 2020.<\/p>\n\n\n\n<p>Expuso que Sa\u00fal est\u00e1 vinculado a proceso pero le dieron libertad, supuestamente para que pueda cumplir con el pago de la manutenci\u00f3n.<\/p>\n\n\n\n<figure class=\"wp-block-embed-twitter wp-block-embed is-type-rich is-provider-twitter\"><div class=\"wp-block-embed__wrapper\">\n<div class=\"twitter-tweet\"><blockquote class=\"twitter-tweet\" data-lang=\"es\"><p lang=\"es\" dir=\"ltr\"><a href=\"https:\/\/twitter.com\/hashtag\/ImpunidadEnOaxaca?src=hash&amp;ref_src=twsrc%5Etfw\">#ImpunidadEnOaxaca<\/a> <br>Ante la liberaci\u00f3n del \u201cpotencial feminicida\u201d Sa\u00fal C. R., y para exigir justicia hacia Alice y Esther, un grupo de mujeres march\u00f3 esta tarde de la fuente de las Ocho Regiones hacia el z\u00f3calo de la capital oaxaque\u00f1a. <a href=\"https:\/\/t.co\/0x4PYhJPNf\">pic.twitter.com\/0x4PYhJPNf<\/a><\/p>&mdash; Zona Roja Oaxaca (@Zona_Roja_Oax) <a href=\"https:\/\/twitter.com\/Zona_Roja_Oax\/status\/1375614794821210115?ref_src=twsrc%5Etfw\">27 de marzo de 2021<\/a><\/blockquote><\/div>\n<\/div><\/figure>\n\n\n\n<p>\u201cLa m\u00e1s grave es que trat\u00f3 de asesinarme, me cerr\u00f3 la respiraci\u00f3n; mi nena le dec\u00eda que no la tocara. En otra ocasi\u00f3n me vaci\u00f3 un bote de desinfectante, a mi nena (Alice) tambi\u00e9n le puso en la cabeza, y amenaz\u00f3 con prender fuego.<\/p>\n\n\n\n<p>\u201cLo dejan libre supuestamente porque debe cumplir con su obligaci\u00f3n de dar pensi\u00f3n, por eso no es lo importante para m\u00ed. Ha tenido medidas de restricci\u00f3n pero a \u00e9l no le importa\u201d, expuso.<\/p>\n\n\n\n<p>Como detall\u00f3 ayer ZONA ROJA, el inculpado fue liberado por un juez del Tribunal Superior de Justicia el pasado 18 de marzo:<\/p>\n\n\n\n<figure class=\"wp-block-embed-wordpress wp-block-embed is-type-wp-embed is-provider-zona-roja\"><div class=\"wp-block-embed__wrapper\">\n<blockquote class=\"wp-embedded-content\" data-secret=\"d18wfdsN2S\"><a href=\"http:\/\/www.zonaroja.com.mx\/?p=25109\">Juez de Oaxaca libera a potencial feminicida; lo vinculan con el PRI<\/a><\/blockquote><iframe class=\"wp-embedded-content\" sandbox=\"allow-scripts\" security=\"restricted\" style=\"position: absolute; clip: rect(1px, 1px, 1px, 1px);\" title=\"\u00abJuez de Oaxaca libera a potencial feminicida; lo vinculan con el PRI\u00bb \u2014 Zona Roja\" src=\"http:\/\/www.zonaroja.com.mx\/?p=25109&#038;embed=true#?secret=d18wfdsN2S\" data-secret=\"d18wfdsN2S\" width=\"600\" height=\"338\" frameborder=\"0\" marginwidth=\"0\" marginheight=\"0\" scrolling=\"no\"><\/iframe>\n<\/div><\/figure>\n","protected":false},"excerpt":{"rendered":"<p>Ismael Garc\u00eda M.\/Zona Roja. Oaxaca de Ju\u00e1rez, Oax., 26 de marzo de 2021.- Familiares de&hellip;<\/p>\n","protected":false},"author":2,"featured_media":25181,"comment_status":"closed","ping_status":"open","sticky":false,"template":"","format":"standard","meta":{"_lmt_disableupdate":"","_lmt_disable":"","_jetpack_memberships_contains_paid_content":false,"footnotes":""},"categories":[109,47],"tags":[2550],"class_list":["post-25180","post","type-post","status-publish","format-standard","has-post-thumbnail","hentry","category-minuto-a-minuto","category-zona-gris","tag-esther-s-m"],"jetpack_featured_media_url":"https:\/\/zonaroja.com.mx\/wp-content\/uploads\/2021\/03\/Marcha-Esther-justicia.jpg","jetpack_sharing_enabled":true,"_links":{"self":[{"href":"https:\/\/zonaroja.com.mx\/index.php?rest_route=\/wp\/v2\/posts\/25180","targetHints":{"allow":["GET"]}}],"collection":[{"href":"https:\/\/zonaroja.com.mx\/index.php?rest_route=\/wp\/v2\/posts"}],"about":[{"href":"https:\/\/zonaroja.com.mx\/index.php?rest_route=\/wp\/v2\/types\/post"}],"author":[{"embeddable":true,"href":"https:\/\/zonaroja.com.mx\/index.php?rest_route=\/wp\/v2\/users\/2"}],"replies":[{"embeddable":true,"href":"https:\/\/zonaroja.com.mx\/index.php?rest_route=%2Fwp%2Fv2%2Fcomments&post=25180"}],"version-history":[{"count":1,"href":"https:\/\/zonaroja.com.mx\/index.php?rest_route=\/wp\/v2\/posts\/25180\/revisions"}],"predecessor-version":[{"id":25182,"href":"https:\/\/zonaroja.com.mx\/index.php?rest_route=\/wp\/v2\/posts\/25180\/revisions\/25182"}],"wp:featuredmedia":[{"embeddable":true,"href":"https:\/\/zonaroja.com.mx\/index.php?rest_route=\/wp\/v2\/media\/25181"}],"wp:attachment":[{"href":"https:\/\/zonaroja.com.mx\/index.php?rest_route=%2Fwp%2Fv2%2Fmedia&parent=25180"}],"wp:term":[{"taxonomy":"category","embeddable":true,"href":"https:\/\/zonaroja.com.mx\/index.php?rest_route=%2Fwp%2Fv2%2Fcategories&post=25180"},{"taxonomy":"post_tag","embeddable":true,"href":"https:\/\/zonaroja.com.mx\/index.php?rest_route=%2Fwp%2Fv2%2Ftags&post=25180"}],"curies":[{"name":"wp","href":"https:\/\/api.w.org\/{rel}","templated":true}]}}