{"id":25193,"date":"2021-03-27T08:13:59","date_gmt":"2021-03-27T14:13:59","guid":{"rendered":"http:\/\/www.zonaroja.com.mx\/?p=25193"},"modified":"2021-03-27T08:14:04","modified_gmt":"2021-03-27T14:14:04","slug":"entre-violencia-y-por-dedazo-designa-morena-a-candidatos-a-diputados","status":"publish","type":"post","link":"https:\/\/zonaroja.com.mx\/?p=25193","title":{"rendered":"Entre violencia y por \u201cdedazo\u201d, designa Morena a candidatos a diputados"},"content":{"rendered":"\n<p>Ismael Garc\u00eda M.\/Zona Roja.<\/p>\n\n\n\n<p>Oaxaca de Ju\u00e1rez, Oax., 27 de marzo de 2021.- Entre protestas, acusaciones de venta de candidaturas, vandalismo &#8211;que incluye el incendio al acceso de un inmueble&#8211; y por \u201cdedazo\u201d, el Partido Morena en Oaxaca design\u00f3 ayer a sus candidatos a diputados locales en los 25 distritos electorales.<\/p>\n\n\n\n<p>Fuentes consultadas por ZONA ROJA confirmaron que el instituto pol\u00edtico, que dirige Sesul Bola\u00f1os L\u00f3pez, no aplic\u00f3 encuestas para la designaci\u00f3n de aspirantes y se tom\u00f3 como base las cuotas para los distintos grupos internos, principalmente el encabezado por el senador Salom\u00f3n Jara Cruz.<\/p>\n\n\n\n<p>As\u00ed, van por la reelecci\u00f3n Laura Estrada Mauro, por Tuxtepec; Elisa Zepeda Legunas por Teotitl\u00e1n; Leticia Socorro Collado, por Huajuapan; Luis Alfonso Silva Romo, por Oaxaca de Ju\u00e1rez Norte; Horacio Sosa Villavicencio, por Zimatl\u00e1n.<\/p>\n\n\n\n<p>Adem\u00e1s, Timoteo V\u00e1squez Cruz, por Ejutla; Delfina Guzm\u00e1n D\u00edaz, por Santiago Pinotepa Nacional; In\u00e9s Leal Pel\u00e1ez, por San Pedro Mixtepec, y Juana Aguilar Espinosa por San Pedro Pochutla.<\/p>\n\n\n\n<figure class=\"wp-block-embed-twitter wp-block-embed is-type-rich is-provider-twitter\"><div class=\"wp-block-embed__wrapper\">\n<div class=\"twitter-tweet\"><blockquote class=\"twitter-tweet\" data-lang=\"es\"><p lang=\"es\" dir=\"ltr\"><a href=\"https:\/\/twitter.com\/hashtag\/%C3%9AltimoMinuto?src=hash&amp;ref_src=twsrc%5Etfw\">#\u00daltimoMinuto<\/a> <br>La disputa por las candidaturas en el Partido <a href=\"https:\/\/twitter.com\/hashtag\/Morena?src=hash&amp;ref_src=twsrc%5Etfw\">#Morena<\/a> en <a href=\"https:\/\/twitter.com\/hashtag\/Oaxaca?src=hash&amp;ref_src=twsrc%5Etfw\">#Oaxaca<\/a> detonaron la madrugada de hoy en m\u00e1s violencia; sujetos desconocidos prendieron fuego a oficinas alternas ubicadas en el fraccionamiento Trinidad de las Huertas, en la capital. <a href=\"https:\/\/t.co\/l9qauaWdoG\">pic.twitter.com\/l9qauaWdoG<\/a><\/p>&mdash; Zona Roja Oaxaca (@Zona_Roja_Oax) <a href=\"https:\/\/twitter.com\/Zona_Roja_Oax\/status\/1375469935082803206?ref_src=twsrc%5Etfw\">26 de marzo de 2021<\/a><\/blockquote><\/div>\n<\/div><\/figure>\n\n\n\n<p>Morena incluy\u00f3 a personajes desconocidos y controvertidos, como Nicol\u00e1s Feria Romero, edil a\u00fan de Juxtlahuaca, se\u00f1alado de diversos delitos y hechos de violencia, por el distrito de Putla; Tania Caballero Navarro, por Nochixtl\u00e1n, y quien es regidora del ayuntamiento de Oaxaca de Ju\u00e1rez.<\/p>\n\n\n\n<p>Sergio L\u00f3pez S\u00e1nchez, militante perredista de anta\u00f1o y quien ha ocupado diversos cargos, actualmente edil; Luis Alberto Sosa Castillo, totalmente desconocido, por Santa Luc\u00eda del Camino; Nancy Ben\u00edtez Z\u00e1rate, por Xoxocotl\u00e1n, quien perdi\u00f3 la elecci\u00f3n municipal.<\/p>\n\n\n\n<p>Hayd\u00e9e Reyes Soto, ligada estrechamente a Gabino Cu\u00e9 Monteagudo, por Tlacolula, donde no tiene arraigo en la zona; Yesenia Nolasco por Salina Cruz, quien ha militado en diversos partidos; Reyna Victoria Jim\u00e9nez, sin arraigo ni trabajo pol\u00edtico, por Juchit\u00e1n.<\/p>\n\n\n\n<p>Desde hace m\u00e1s de una semana se han registrado diversos hechos violentos y protestas en la sede del Partido Morena, por las designaciones cuestionadas; ayer por la madrugada, desconocidos prendieron fuego al acceso a una oficina alterna ubicada en el fraccionamiento Trinidad de las Huertas de la capital.<\/p>\n","protected":false},"excerpt":{"rendered":"<p>Ismael Garc\u00eda M.\/Zona Roja. Oaxaca de Ju\u00e1rez, Oax., 27 de marzo de 2021.- Entre protestas,&hellip;<\/p>\n","protected":false},"author":2,"featured_media":25194,"comment_status":"closed","ping_status":"open","sticky":false,"template":"","format":"standard","meta":{"_lmt_disableupdate":"","_lmt_disable":"","_jetpack_memberships_contains_paid_content":false,"footnotes":""},"categories":[109,47],"tags":[871],"class_list":["post-25193","post","type-post","status-publish","format-standard","has-post-thumbnail","hentry","category-minuto-a-minuto","category-zona-gris","tag-partido-morena-oaxaca"],"jetpack_featured_media_url":"https:\/\/zonaroja.com.mx\/wp-content\/uploads\/2021\/03\/Candidatos-Morena-diputados.jpg","jetpack_sharing_enabled":true,"_links":{"self":[{"href":"https:\/\/zonaroja.com.mx\/index.php?rest_route=\/wp\/v2\/posts\/25193","targetHints":{"allow":["GET"]}}],"collection":[{"href":"https:\/\/zonaroja.com.mx\/index.php?rest_route=\/wp\/v2\/posts"}],"about":[{"href":"https:\/\/zonaroja.com.mx\/index.php?rest_route=\/wp\/v2\/types\/post"}],"author":[{"embeddable":true,"href":"https:\/\/zonaroja.com.mx\/index.php?rest_route=\/wp\/v2\/users\/2"}],"replies":[{"embeddable":true,"href":"https:\/\/zonaroja.com.mx\/index.php?rest_route=%2Fwp%2Fv2%2Fcomments&post=25193"}],"version-history":[{"count":1,"href":"https:\/\/zonaroja.com.mx\/index.php?rest_route=\/wp\/v2\/posts\/25193\/revisions"}],"predecessor-version":[{"id":25195,"href":"https:\/\/zonaroja.com.mx\/index.php?rest_route=\/wp\/v2\/posts\/25193\/revisions\/25195"}],"wp:featuredmedia":[{"embeddable":true,"href":"https:\/\/zonaroja.com.mx\/index.php?rest_route=\/wp\/v2\/media\/25194"}],"wp:attachment":[{"href":"https:\/\/zonaroja.com.mx\/index.php?rest_route=%2Fwp%2Fv2%2Fmedia&parent=25193"}],"wp:term":[{"taxonomy":"category","embeddable":true,"href":"https:\/\/zonaroja.com.mx\/index.php?rest_route=%2Fwp%2Fv2%2Fcategories&post=25193"},{"taxonomy":"post_tag","embeddable":true,"href":"https:\/\/zonaroja.com.mx\/index.php?rest_route=%2Fwp%2Fv2%2Ftags&post=25193"}],"curies":[{"name":"wp","href":"https:\/\/api.w.org\/{rel}","templated":true}]}}