{"id":25199,"date":"2021-03-27T08:23:18","date_gmt":"2021-03-27T14:23:18","guid":{"rendered":"http:\/\/www.zonaroja.com.mx\/?p=25199"},"modified":"2021-03-27T08:23:21","modified_gmt":"2021-03-27T14:23:21","slug":"desconocen-a-la-dirigencia-de-la-croc-en-oaxaca-los-acusan-de-caciques","status":"publish","type":"post","link":"https:\/\/zonaroja.com.mx\/?p=25199","title":{"rendered":"Desconocen a la dirigencia de la CROC en Oaxaca; los acusan de caciques"},"content":{"rendered":"\n<p>Redacci\u00f3n\/Estado 20.<\/p>\n\n\n\n<p>Oaxaca de Ju\u00e1rez, Oax., 27 de marzo de 2021.- Ulises Bravo Cruz, quien se present\u00f3 como el actual secretario general de la Confederaci\u00f3n Revolucionaria de Obreros y Campesinos (CROC), anunci\u00f3 el desconocimiento de David Enrique Aguilar Hern\u00e1ndez, hijo de David Aguilar Robles, al frente de esta agrupaci\u00f3n.<\/p>\n\n\n\n<p>En conferencia de prensa, acompa\u00f1ado de dirigentes sindicales de diferentes regiones del estado, explic\u00f3 que su designaci\u00f3n se dio con el aval de la asamblea, luego de la ausencia de la Confederaci\u00f3n de Enrique Aguilar.<\/p>\n\n\n\n<p>Asimismo, explic\u00f3 que con 25 a\u00f1os de trabajo en la CROC y ante la molestia de la militancia para que este cargo siguiera siendo heredado por la familia Aguilar, esta vez decidieron renovar la dirigencia.<\/p>\n\n\n\n<p>Ulises Bravo Cruz, asegur\u00f3 que su elecci\u00f3n como dirigente fue por desatenci\u00f3n de David Aguilar Robles, quien se ausent\u00f3 supuestamente por causa de enfermedad quien intent\u00f3 heredar el cargo a su hijo, David Enrique Aguilar Hern\u00e1ndez.<\/p>\n\n\n\n<p>Durante la conferencia, Bravo Cruz asegur\u00f3 que su designaci\u00f3n se dio con el respaldo del 95 por ciento de los sindicatos que est\u00e1n agremiados cifra que seg\u00fan el dirigente equivale a 30 agrupaciones.<\/p>\n\n\n\n<p>Consider\u00f3 la importancia de que la base tomar\u00e1 la decisi\u00f3n de renovar la dirigencia de la agrupaci\u00f3n ya que se avecina el proceso electoral 2021 y para ellos es de suma importancia participar en estos comicios.<\/p>\n","protected":false},"excerpt":{"rendered":"<p>Redacci\u00f3n\/Estado 20. Oaxaca de Ju\u00e1rez, Oax., 27 de marzo de 2021.- Ulises Bravo Cruz, quien&hellip;<\/p>\n","protected":false},"author":2,"featured_media":25200,"comment_status":"closed","ping_status":"open","sticky":false,"template":"","format":"standard","meta":{"_lmt_disableupdate":"","_lmt_disable":"","_jetpack_memberships_contains_paid_content":false,"footnotes":""},"categories":[109,47],"tags":[2551],"class_list":["post-25199","post","type-post","status-publish","format-standard","has-post-thumbnail","hentry","category-minuto-a-minuto","category-zona-gris","tag-confederacion-revolucionaria-de-obreros-y-campesinos-croc"],"jetpack_featured_media_url":"https:\/\/zonaroja.com.mx\/wp-content\/uploads\/2021\/03\/Desconocen-dirigencia-de-CROC.jpg","jetpack_sharing_enabled":true,"_links":{"self":[{"href":"https:\/\/zonaroja.com.mx\/index.php?rest_route=\/wp\/v2\/posts\/25199","targetHints":{"allow":["GET"]}}],"collection":[{"href":"https:\/\/zonaroja.com.mx\/index.php?rest_route=\/wp\/v2\/posts"}],"about":[{"href":"https:\/\/zonaroja.com.mx\/index.php?rest_route=\/wp\/v2\/types\/post"}],"author":[{"embeddable":true,"href":"https:\/\/zonaroja.com.mx\/index.php?rest_route=\/wp\/v2\/users\/2"}],"replies":[{"embeddable":true,"href":"https:\/\/zonaroja.com.mx\/index.php?rest_route=%2Fwp%2Fv2%2Fcomments&post=25199"}],"version-history":[{"count":1,"href":"https:\/\/zonaroja.com.mx\/index.php?rest_route=\/wp\/v2\/posts\/25199\/revisions"}],"predecessor-version":[{"id":25201,"href":"https:\/\/zonaroja.com.mx\/index.php?rest_route=\/wp\/v2\/posts\/25199\/revisions\/25201"}],"wp:featuredmedia":[{"embeddable":true,"href":"https:\/\/zonaroja.com.mx\/index.php?rest_route=\/wp\/v2\/media\/25200"}],"wp:attachment":[{"href":"https:\/\/zonaroja.com.mx\/index.php?rest_route=%2Fwp%2Fv2%2Fmedia&parent=25199"}],"wp:term":[{"taxonomy":"category","embeddable":true,"href":"https:\/\/zonaroja.com.mx\/index.php?rest_route=%2Fwp%2Fv2%2Fcategories&post=25199"},{"taxonomy":"post_tag","embeddable":true,"href":"https:\/\/zonaroja.com.mx\/index.php?rest_route=%2Fwp%2Fv2%2Ftags&post=25199"}],"curies":[{"name":"wp","href":"https:\/\/api.w.org\/{rel}","templated":true}]}}