{"id":25202,"date":"2021-03-27T10:26:02","date_gmt":"2021-03-27T16:26:02","guid":{"rendered":"http:\/\/www.zonaroja.com.mx\/?p=25202"},"modified":"2021-03-27T10:34:15","modified_gmt":"2021-03-27T16:34:15","slug":"presunto-feminicida-de-estela-sigue-profugo-a-16-meses-de-hechos-denuncian-yuridiana-sosa-zona-roja","status":"publish","type":"post","link":"https:\/\/zonaroja.com.mx\/?p=25202","title":{"rendered":"Presunto feminicida de Estela sigue pr\u00f3fugo a 16 meses de hechos, denuncian"},"content":{"rendered":"\n<p>Yuridiana Sosa\/Zona Roja.<\/p>\n\n\n\n<p>Oaxaca de Ju\u00e1rez, Oax., 27 de marzo de 2021.- Estela Rojas Pe\u00f1a fue desaparecida y asesinada en noviembre de 2019 en la regi\u00f3n de Valles Centrales de Oaxaca, pero su caso sigue impune mientras su familia sigue llorando su ausencia.<\/p>\n\n\n\n<p>\u201cCompas, pedimos de su apoyo para localizar a este feminicida pr\u00f3fugo de Oaxaca\u201d, se\u00f1al\u00f3 el grupo feminista \u201cMujeres de la Sal\u201d, que record\u00f3 el caso a pr\u00e1cticamente 16 meses de los hechos lamentables, ocurridos entre el 27 y 29 de noviembre de 2019.<\/p>\n\n\n\n<p>El grupo activista public\u00f3 la imagen de Armando Hilario L. G., contra quien, se\u00f1alan, existe una orden de aprehensi\u00f3n.<\/p>\n\n\n\n<p>Estela Rojas Pe\u00f1a fue reportada como desaparecida el 27 de noviembre cuando fue vista por \u00faltima vez en Santa Cruz Xoxocotl\u00e1n, pero su cuerpo sin vida fue localizado dos d\u00edas despu\u00e9s, el 29 de noviembre, en el paraje \u201cPaso de Piedra\u201d de la poblaci\u00f3n de Valdeflores de Zimatl\u00e1n de \u00c1lvarez.<\/p>\n\n\n\n<p>La v\u00edctima ten\u00eda 39 a\u00f1os de edad y fue encontrada envuelta en s\u00e1banas con huellas de disparos de arma de fuego, maniatado y con huellas de tortura. El hallazgo lo reportaron campesinos de esa comunidad.<\/p>\n\n\n\n<p>Al momento de su desaparici\u00f3n conduc\u00eda su camioneta Ford tipo Scape color blanco aperlado, la cual fue encontrada despu\u00e9s en un paraje despoblado de San Andr\u00e9s Huayapam, de esta misma regi\u00f3n de Valles Centrales, pero a varios kil\u00f3metros del lugar del crimen.<\/p>\n\n\n\n<p>La familia de Estela, a quien el sobrevive una menor hija, sigue en exigencia de justicia.<\/p>\n","protected":false},"excerpt":{"rendered":"<p>Yuridiana Sosa\/Zona Roja. Oaxaca de Ju\u00e1rez, Oax., 27 de marzo de 2021.- Estela Rojas Pe\u00f1a&hellip;<\/p>\n","protected":false},"author":2,"featured_media":25206,"comment_status":"closed","ping_status":"open","sticky":false,"template":"","format":"standard","meta":{"_lmt_disableupdate":"","_lmt_disable":"","_jetpack_memberships_contains_paid_content":false,"footnotes":""},"categories":[109,47],"tags":[2552],"class_list":["post-25202","post","type-post","status-publish","format-standard","has-post-thumbnail","hentry","category-minuto-a-minuto","category-zona-gris","tag-estela-rojas-pena"],"jetpack_featured_media_url":"https:\/\/zonaroja.com.mx\/wp-content\/uploads\/2021\/03\/img_8006.jpg","jetpack_sharing_enabled":true,"_links":{"self":[{"href":"https:\/\/zonaroja.com.mx\/index.php?rest_route=\/wp\/v2\/posts\/25202","targetHints":{"allow":["GET"]}}],"collection":[{"href":"https:\/\/zonaroja.com.mx\/index.php?rest_route=\/wp\/v2\/posts"}],"about":[{"href":"https:\/\/zonaroja.com.mx\/index.php?rest_route=\/wp\/v2\/types\/post"}],"author":[{"embeddable":true,"href":"https:\/\/zonaroja.com.mx\/index.php?rest_route=\/wp\/v2\/users\/2"}],"replies":[{"embeddable":true,"href":"https:\/\/zonaroja.com.mx\/index.php?rest_route=%2Fwp%2Fv2%2Fcomments&post=25202"}],"version-history":[{"count":2,"href":"https:\/\/zonaroja.com.mx\/index.php?rest_route=\/wp\/v2\/posts\/25202\/revisions"}],"predecessor-version":[{"id":25207,"href":"https:\/\/zonaroja.com.mx\/index.php?rest_route=\/wp\/v2\/posts\/25202\/revisions\/25207"}],"wp:featuredmedia":[{"embeddable":true,"href":"https:\/\/zonaroja.com.mx\/index.php?rest_route=\/wp\/v2\/media\/25206"}],"wp:attachment":[{"href":"https:\/\/zonaroja.com.mx\/index.php?rest_route=%2Fwp%2Fv2%2Fmedia&parent=25202"}],"wp:term":[{"taxonomy":"category","embeddable":true,"href":"https:\/\/zonaroja.com.mx\/index.php?rest_route=%2Fwp%2Fv2%2Fcategories&post=25202"},{"taxonomy":"post_tag","embeddable":true,"href":"https:\/\/zonaroja.com.mx\/index.php?rest_route=%2Fwp%2Fv2%2Ftags&post=25202"}],"curies":[{"name":"wp","href":"https:\/\/api.w.org\/{rel}","templated":true}]}}