{"id":25208,"date":"2021-03-27T15:30:57","date_gmt":"2021-03-27T21:30:57","guid":{"rendered":"http:\/\/www.zonaroja.com.mx\/?p=25208"},"modified":"2021-03-27T15:31:01","modified_gmt":"2021-03-27T21:31:01","slug":"desparecen-4-jovenes-en-chilchotla-oaxaca-segundo-caso-en-el-mes","status":"publish","type":"post","link":"https:\/\/zonaroja.com.mx\/?p=25208","title":{"rendered":"Desparecen 4 j\u00f3venes en Chilchotla, Oaxaca; segundo caso en el mes"},"content":{"rendered":"\n<p>Evlin Arag\u00f3n\/Zona Roja.<\/p>\n\n\n\n<p>Oaxaca de Ju\u00e1rez, Oax., 27 de marzo de 2021.- El pasado viernes 12 de marzo, Oscar Ju\u00e1rez de la Cruz decidi\u00f3 reunirse con sus familiares, con quienes ten\u00eda planeado pescar mojarras en Paso Cocuyo, localidad perteneciente al municipio de Santa Mar\u00eda Chilchotla.<\/p>\n\n\n\n<p>Junto con otros tres j\u00f3venes, salieron rumbo al lugar a bordo de unas motocicletas, pero ya nunca volvieron.&nbsp;<\/p>\n\n\n\n<p>Como en la mayor\u00eda de los casos de personas desaparecidas, la familia comenz\u00f3 la b\u00fasqueda; sin embargo, los resultados fueron negativos, por lo cual decidieron denunciar el caso ante la autoridad ministerial y difundirlo en las redes sociales.<\/p>\n\n\n\n<p>\u201cNos podr\u00edan ayudar a compartir la b\u00fasqueda, una familia necesita nuestra ayuda. Se extraviaron en Paso Cocuyo en el estado de Oaxaca el d\u00eda 12 de marzo del presente a\u00f1o, su \u00fanico error fue ir a pescar, familiares recorrieron el lugar donde ellos iban a pescar, pero solo encontraron las motos tiradas y sus pertenencias\u201d, refiere la publicaci\u00f3n en la p\u00e1gina de Facebook \u201cDesaparecidos Oaxaca\u201d.<\/p>\n\n\n\n<p>La publicaci\u00f3n fue r\u00e1pidamente compartida por m\u00e1s de 800 usuarios, quienes en su mayor\u00eda lamentaron el clima de inseguridad que se vive en la entidad y confiaron en que pronto aparecer\u00e1n los j\u00f3venes. Mientras tanto y desde hace 15 d\u00edas, la familia se aferra a la fe para dar con su paradero.&nbsp;<\/p>\n\n\n\n<p>\u201cNos duele no saber nada de ellos, tenemos fe en Dios de que pronto regresaran con la familia, solo les pido de su apoyo que nos ayuden a difundir la imagen y que no se pierda la publicaci\u00f3n\u201d.<\/p>\n\n\n\n<p>De acuerdo con informaci\u00f3n de medios locales, Oscar Ju\u00e1rez es un elemento en activo de la Guardia Nacional, quien dej\u00f3 sus funciones de seguridad para estar unos d\u00edas con sus hijos en la poblaci\u00f3n de Santa Elena del municipio de Santa Mar\u00eda Chilchotla.<\/p>\n\n\n\n<figure class=\"wp-block-embed-twitter wp-block-embed is-type-rich is-provider-twitter\"><div class=\"wp-block-embed__wrapper\">\n<div class=\"twitter-tweet\"><blockquote class=\"twitter-tweet\" data-lang=\"es\"><p lang=\"es\" dir=\"ltr\">AY\u00daDANOS A LOCALIZARLOS. <a href=\"https:\/\/twitter.com\/FISCALIA_GobOax?ref_src=twsrc%5Etfw\">@FISCALIA_GobOax<\/a> <a href=\"https:\/\/twitter.com\/AEI_Oaxaca?ref_src=twsrc%5Etfw\">@AEI_Oaxaca<\/a> <a href=\"https:\/\/twitter.com\/Policia_GobOax?ref_src=twsrc%5Etfw\">@Policia_GobOax<\/a> <a href=\"https:\/\/twitter.com\/PolVial_GobOax?ref_src=twsrc%5Etfw\">@PolVial_GobOax<\/a> <a href=\"https:\/\/twitter.com\/GN_MEXICO_?ref_src=twsrc%5Etfw\">@GN_MEXICO_<\/a> <a href=\"https:\/\/twitter.com\/GN_Carreteras?ref_src=twsrc%5Etfw\">@GN_Carreteras<\/a> <a href=\"https:\/\/twitter.com\/089Oaxaca?ref_src=twsrc%5Etfw\">@089Oaxaca<\/a> <a href=\"https:\/\/twitter.com\/Oaxaca_9_1_1?ref_src=twsrc%5Etfw\">@Oaxaca_9_1_1<\/a> <a href=\"https:\/\/twitter.com\/cruzrojaoaxaca?ref_src=twsrc%5Etfw\">@cruzrojaoaxaca<\/a> <a href=\"https:\/\/twitter.com\/PABIC_GobOax?ref_src=twsrc%5Etfw\">@PABIC_GobOax<\/a> <a href=\"https:\/\/twitter.com\/Bomberos_GobOax?ref_src=twsrc%5Etfw\">@Bomberos_GobOax<\/a> <a href=\"https:\/\/twitter.com\/CEPCO_GobOax?ref_src=twsrc%5Etfw\">@CEPCO_GobOax<\/a> <a href=\"https:\/\/twitter.com\/hashtag\/Tuxtepec?src=hash&amp;ref_src=twsrc%5Etfw\">#Tuxtepec<\/a> <a href=\"https:\/\/t.co\/AP10lvFj7z\">pic.twitter.com\/AP10lvFj7z<\/a><\/p>&mdash; Unidad de B\u00fasqueda de Personas No Localizadas (@FGEO_DNOL) <a href=\"https:\/\/twitter.com\/FGEO_DNOL\/status\/1375196908629725185?ref_src=twsrc%5Etfw\">25 de marzo de 2021<\/a><\/blockquote><\/div>\n<\/div><\/figure>\n\n\n\n<p>Oscar Ju\u00e1rez, de 29 a\u00f1os de edad, desapareci\u00f3 junto con Alejandro de la Cruz Garc\u00eda, de 36 a\u00f1os de edad; Filogonio Cruz Silva, de 19 a\u00f1os; Juan de Dios Cruz Silva, de 23 a\u00f1os.&nbsp;<\/p>\n\n\n\n<p>OTROS CASOS<\/p>\n\n\n\n<p>Hasta hace apenas dos d\u00edas, la Unidad de B\u00fasqueda de Personas Desaparecidas y No Localizas emiti\u00f3 las fichas de b\u00fasqueda de las cuatro personas, misma que se difunde a trav\u00e9s de las redes sociales de la instancia, dependiente de la Fiscal\u00eda General de Justicia de Oaxaca.&nbsp;&nbsp;<\/p>\n\n\n\n<p>No se trata del \u00fanico caso, ya que apenas el 23 de marzo fueron reportados otros tres j\u00f3venes como desaparecidos, vistos por \u00faltima vez en San Juan Bautista Tuxtepec, y cuya ficha de b\u00fasqueda sigue activa.<\/p>\n\n\n\n<p>Se trata de Francisco Ortiz Ruiz, de 18 a\u00f1os de edad; Jair Ortiz Ib\u00e1\u00f1ez, de 19 a\u00f1os; y V\u00edctor Ortiz Ib\u00e1\u00f1ez, de 23 a\u00f1os, quienes viajaban a bordo de un veh\u00edculo Vera de color azul, lo cual ya est\u00e1 siendo investigado por las autoridades.&nbsp;<\/p>\n","protected":false},"excerpt":{"rendered":"<p>Evlin Arag\u00f3n\/Zona Roja. Oaxaca de Ju\u00e1rez, Oax., 27 de marzo de 2021.- El pasado viernes&hellip;<\/p>\n","protected":false},"author":2,"featured_media":25209,"comment_status":"closed","ping_status":"open","sticky":false,"template":"","format":"standard","meta":{"_lmt_disableupdate":"","_lmt_disable":"","_jetpack_memberships_contains_paid_content":false,"footnotes":""},"categories":[109,47],"tags":[642],"class_list":["post-25208","post","type-post","status-publish","format-standard","has-post-thumbnail","hentry","category-minuto-a-minuto","category-zona-gris","tag-personas-desaparecidas-oaxaca"],"jetpack_featured_media_url":"https:\/\/zonaroja.com.mx\/wp-content\/uploads\/2021\/03\/Desaparecidos-Chilchotla.jpg","jetpack_sharing_enabled":true,"_links":{"self":[{"href":"https:\/\/zonaroja.com.mx\/index.php?rest_route=\/wp\/v2\/posts\/25208","targetHints":{"allow":["GET"]}}],"collection":[{"href":"https:\/\/zonaroja.com.mx\/index.php?rest_route=\/wp\/v2\/posts"}],"about":[{"href":"https:\/\/zonaroja.com.mx\/index.php?rest_route=\/wp\/v2\/types\/post"}],"author":[{"embeddable":true,"href":"https:\/\/zonaroja.com.mx\/index.php?rest_route=\/wp\/v2\/users\/2"}],"replies":[{"embeddable":true,"href":"https:\/\/zonaroja.com.mx\/index.php?rest_route=%2Fwp%2Fv2%2Fcomments&post=25208"}],"version-history":[{"count":1,"href":"https:\/\/zonaroja.com.mx\/index.php?rest_route=\/wp\/v2\/posts\/25208\/revisions"}],"predecessor-version":[{"id":25210,"href":"https:\/\/zonaroja.com.mx\/index.php?rest_route=\/wp\/v2\/posts\/25208\/revisions\/25210"}],"wp:featuredmedia":[{"embeddable":true,"href":"https:\/\/zonaroja.com.mx\/index.php?rest_route=\/wp\/v2\/media\/25209"}],"wp:attachment":[{"href":"https:\/\/zonaroja.com.mx\/index.php?rest_route=%2Fwp%2Fv2%2Fmedia&parent=25208"}],"wp:term":[{"taxonomy":"category","embeddable":true,"href":"https:\/\/zonaroja.com.mx\/index.php?rest_route=%2Fwp%2Fv2%2Fcategories&post=25208"},{"taxonomy":"post_tag","embeddable":true,"href":"https:\/\/zonaroja.com.mx\/index.php?rest_route=%2Fwp%2Fv2%2Ftags&post=25208"}],"curies":[{"name":"wp","href":"https:\/\/api.w.org\/{rel}","templated":true}]}}