{"id":2521,"date":"2019-07-25T20:41:02","date_gmt":"2019-07-26T01:41:02","guid":{"rendered":"http:\/\/www.zonaroja.com.mx\/?p=2521"},"modified":"2019-07-25T20:41:05","modified_gmt":"2019-07-26T01:41:05","slug":"jueves-cadaver-y-asalto-en-la-capital-ataques-armados-en-tuxtepec-y-juchitan","status":"publish","type":"post","link":"https:\/\/zonaroja.com.mx\/?p=2521","title":{"rendered":"Jueves: cad\u00e1ver y asalto en la capital; ataques armados en Tuxtepec y Juchit\u00e1n"},"content":{"rendered":"\n<p>Ismael\nGarc\u00eda M.<\/p>\n\n\n\n<p>Oaxaca de\nJu\u00e1rez, Oax., 25 de julio de 2019.- Apenas 24 horas despu\u00e9s de la presencia del\nsecretario de Seguridad P\u00fablica de Oaxaca, Ernesto Salcedo Rosales, en\nTuxtepec, ocurri\u00f3 un ataque armado que dej\u00f3 como saldo una persona lesionada.<\/p>\n\n\n\n<p>Este es uno\nde los varios incidentes delictivos ocurridos este jueves en la entidad, de\nacuerdo con informes de corporaciones policiacas, entre los que destacan una\nagresi\u00f3n violenta en Juchit\u00e1n, as\u00ed como un asalto con cuantioso bot\u00edn y el\nhallazgo de un cad\u00e1ver, en la capital del estado.<\/p>\n\n\n\n<p>En San Juan\nBautista Tuxtepec, la tarde de hoy fue atacado a balazos un individuo, sobre la\ncalle Galeana casi esquina con Muro Bulevar, de la colonia Santa Clara, a tres\ncuadras del palacio municipal.<\/p>\n\n\n\n<p>El hombre fue\nidentificado de manera extraoficial como Gerardo Hern\u00e1ndez L\u00f3pez, de 21 a\u00f1os de\nedad, y trasladado a una cl\u00ednica por la ambulancia de la Cruz Roja.<\/p>\n\n\n\n<p>Apenas ayer\nmi\u00e9rcoles, el titular de la SSPO, Rosales Salcedo; el responsable del\nSecretariado Ejecutivo del Sistema Estatal de Seguridad P\u00fablica, Jos\u00e9 Manuel\nVera Salinas, y el edil Fernando Bautista D\u00e1vila, sostuvieron una reuni\u00f3n en\nmateria de seguridad.<\/p>\n\n\n\n<p>De acuerdo\ncon un comunicado del ayuntamiento: \u201chay una estrecha coordinaci\u00f3n con los tres\n\u00f3rdenes de gobierno de tal forma que los resultados de la estrategia de\nseguridad y paz podr\u00e1n percibirse en el corto plazo\u201d.<\/p>\n\n\n\n<p>Seg\u00fan el\nbolet\u00edn, el secretario de Seguridad \u201cPidi\u00f3 a la poblaci\u00f3n y a los medios de\ncomunicaci\u00f3n generar una percepci\u00f3n objetiva de los acontecimientos que se\npresentan, ya que se difunde informaci\u00f3n sin el m\u00ednimo rigor de verificaci\u00f3n y\nes lo que est\u00e1 generando una mayor percepci\u00f3n de inseguridad cuando no ocurre\u201d.<\/p>\n\n\n\n<p>OLA\nDELICTIVA EN LA CAPITAL<\/p>\n\n\n\n<p>Alrededor de la una de la tarde, a orillas del r\u00edo \u201cAtoyac\u201d, en jurisdicci\u00f3n de San Juan Chapultepec, agencia de Oaxaca de Ju\u00e1rez, fue hallado el cuerpo de un individuo, en estado de putrefacci\u00f3n.<\/p>\n\n\n\n<figure class=\"wp-block-embed-twitter wp-block-embed is-type-rich is-provider-twitter\"><div class=\"wp-block-embed__wrapper\">\n<div class=\"twitter-tweet\"><blockquote class=\"twitter-tweet\" data-lang=\"es\"><p lang=\"es\" dir=\"ltr\"><a href=\"https:\/\/twitter.com\/hashtag\/OaxacaRojo?src=hash&amp;ref_src=twsrc%5Etfw\">#OaxacaRojo<\/a><br>En las riberas del r\u00edo \u201cAtoyac\u201d, en jurisdicci\u00f3n de San Juan Chapultepec, ciudad de <a href=\"https:\/\/twitter.com\/hashtag\/Oaxaca?src=hash&amp;ref_src=twsrc%5Etfw\">#Oaxaca<\/a>, fue hallado hoy el cuerpo de un individuo en estado de descomposici\u00f3n. Presuntamente fue asesinado. <a href=\"https:\/\/t.co\/9DHSW4wplp\">pic.twitter.com\/9DHSW4wplp<\/a><\/p>&mdash; Zona Roja Oaxaca (@MexRoja) <a href=\"https:\/\/twitter.com\/MexRoja\/status\/1154471144440750080?ref_src=twsrc%5Etfw\">25 de julio de 2019<\/a><\/blockquote><\/div>\n<\/div><\/figure>\n\n\n\n<p>Presuntamente\nfue asesinado a golpes y hasta esta noche no hab\u00eda sido identificado\nformalmente; en el otro extremo de la zona donde fue hallado, se encuentran los\nplayones que los gobiernos estatal y municipal rescataron y montaron seguridad,\nsupuestamente para resguardar a comerciantes y clientes del Mercado de Abasto.<\/p>\n\n\n\n<p>Tambi\u00e9n en\nla capital pero en la calle Almendros de la colonia Reforma, al menos dos tipos\narmados arrebataron una valija con al menos 400 mil pesos a un cuentahabiente\nque minutos antes hab\u00eda retirado el dinero en una sucursal ubicada en el centro\ncomercial Plaza Oaxaca.<\/p>\n\n\n\n<p>En tanto que\nen Juchit\u00e1n de Zaragoza, en los primeros minutos de este jueves fue baleada una\npersona en el fraccionamiento IVO; el lesionado fue identificado cmoo Mart\u00edn M.\nde la C., alias \u201cRey Panza\u201d, quien fue trasladado grave a un nosocomio.<\/p>\n\n\n\n<p>Por los\ncasos ocurridos este jueves, no hay personas detenidas.<\/p>\n","protected":false},"excerpt":{"rendered":"<p>Ismael Garc\u00eda M. Oaxaca de Ju\u00e1rez, Oax., 25 de julio de 2019.- Apenas 24 horas&hellip;<\/p>\n","protected":false},"author":2,"featured_media":2522,"comment_status":"closed","ping_status":"open","sticky":false,"template":"","format":"standard","meta":{"_lmt_disableupdate":"","_lmt_disable":"","_jetpack_memberships_contains_paid_content":false,"footnotes":""},"categories":[109,51],"tags":[],"class_list":["post-2521","post","type-post","status-publish","format-standard","has-post-thumbnail","hentry","category-minuto-a-minuto","category-zona-roja"],"jetpack_featured_media_url":"https:\/\/zonaroja.com.mx\/wp-content\/uploads\/2019\/07\/ae8c34bd-14e0-42d2-9b81-7f025f1dd05c.jpg","jetpack_sharing_enabled":true,"_links":{"self":[{"href":"https:\/\/zonaroja.com.mx\/index.php?rest_route=\/wp\/v2\/posts\/2521","targetHints":{"allow":["GET"]}}],"collection":[{"href":"https:\/\/zonaroja.com.mx\/index.php?rest_route=\/wp\/v2\/posts"}],"about":[{"href":"https:\/\/zonaroja.com.mx\/index.php?rest_route=\/wp\/v2\/types\/post"}],"author":[{"embeddable":true,"href":"https:\/\/zonaroja.com.mx\/index.php?rest_route=\/wp\/v2\/users\/2"}],"replies":[{"embeddable":true,"href":"https:\/\/zonaroja.com.mx\/index.php?rest_route=%2Fwp%2Fv2%2Fcomments&post=2521"}],"version-history":[{"count":1,"href":"https:\/\/zonaroja.com.mx\/index.php?rest_route=\/wp\/v2\/posts\/2521\/revisions"}],"predecessor-version":[{"id":2523,"href":"https:\/\/zonaroja.com.mx\/index.php?rest_route=\/wp\/v2\/posts\/2521\/revisions\/2523"}],"wp:featuredmedia":[{"embeddable":true,"href":"https:\/\/zonaroja.com.mx\/index.php?rest_route=\/wp\/v2\/media\/2522"}],"wp:attachment":[{"href":"https:\/\/zonaroja.com.mx\/index.php?rest_route=%2Fwp%2Fv2%2Fmedia&parent=2521"}],"wp:term":[{"taxonomy":"category","embeddable":true,"href":"https:\/\/zonaroja.com.mx\/index.php?rest_route=%2Fwp%2Fv2%2Fcategories&post=2521"},{"taxonomy":"post_tag","embeddable":true,"href":"https:\/\/zonaroja.com.mx\/index.php?rest_route=%2Fwp%2Fv2%2Ftags&post=2521"}],"curies":[{"name":"wp","href":"https:\/\/api.w.org\/{rel}","templated":true}]}}