{"id":25211,"date":"2021-03-27T15:41:11","date_gmt":"2021-03-27T21:41:11","guid":{"rendered":"http:\/\/www.zonaroja.com.mx\/?p=25211"},"modified":"2021-03-27T15:41:14","modified_gmt":"2021-03-27T21:41:14","slug":"firman-la-uabjo-y-la-ddhpo-acuerdo-para-promover-cultura-de-la-paz","status":"publish","type":"post","link":"https:\/\/zonaroja.com.mx\/?p=25211","title":{"rendered":"Firman la UABJO y la DDHPO acuerdo para promover cultura de la paz"},"content":{"rendered":"\n<p>Redacci\u00f3n\/Zona Roja.<\/p>\n\n\n\n<p>Oaxaca de Ju\u00e1rez, Oax., 27 de marzo de 2021.- La paz es una responsabilidad compartida, pues genera sociedades tolerantes en las que los diferendos se transforman en procesos constructivos, afirm\u00f3 el defensor de los Derechos Humanos del Pueblo de Oaxaca (DDHPO), Bernardo Rodr\u00edguez Alamilla, en el marco de la firma de convenio con el rector de la Universidad Aut\u00f3noma \u201cBenito Ju\u00e1rez\u201d de Oaxaca, Eduardo Bautista Mart\u00ednez.<\/p>\n\n\n\n<p>Al respecto, el ombudsperson apunt\u00f3 que el Programa Institucional de la Cultura de Paz es una oportunidad para promover nuevas formas de mediaci\u00f3n, ya que por las caracter\u00edsticas de la entidad es necesario generar mecanismos de atenci\u00f3n a los conflictos.<\/p>\n\n\n\n<p>Y resalt\u00f3 que las distintas problem\u00e1ticas en el estado, deben ser atendidas desde una perspectiva de paz y no violencia, que indague y solvente el origen de las mismas, para evitar que se perpet\u00faen en el futuro.<\/p>\n\n\n\n<p>Refiri\u00f3 que, en los \u00faltimos dos a\u00f1os, la Defensor\u00eda ha participado en al menos 100 procesos de mediaci\u00f3n de conflictos en comunidades de la entidad, a trav\u00e9s de mecanismos de di\u00e1logo.<\/p>\n\n\n\n<p>Rodr\u00edguez Alamilla insisti\u00f3 que trabajar en el origen de los conflictos ayudar\u00e1 a que no se sigan presentando, y, los procesos de mediaci\u00f3n son una oportunidad para atender las posibles violaciones a los derechos humanos que dieron origen a los problemas.<\/p>\n\n\n\n<p>PAZ CON RESPETO<\/p>\n\n\n\n<p>Por su parte, el rector de la Universidad Aut\u00f3noma \u201cBenito Ju\u00e1rez\u201d de Oaxaca, Eduardo Bautista Mart\u00ednez dijo que no hay paz verdadera sin un respeto pleno a los derechos humanos, por ello de la UABJO se impulsa el Programa Institucional de la Cultura de Paz, como una forma en la que se busca promover el respeto la inclusi\u00f3n de todas y todos.<\/p>\n\n\n\n<figure class=\"wp-block-embed-twitter wp-block-embed is-type-rich is-provider-twitter\"><div class=\"wp-block-embed__wrapper\">\n<div class=\"twitter-tweet\"><blockquote class=\"twitter-tweet\" data-lang=\"es\"><p lang=\"es\" dir=\"ltr\">Para ratificar la colaboraci\u00f3n conjunta  en materia de cultura de paz, esta ma\u00f1ana, el Rector <a href=\"https:\/\/twitter.com\/Bautistaeduardo?ref_src=twsrc%5Etfw\">@Bautistaeduardo<\/a> y el titular de la <a href=\"https:\/\/twitter.com\/DDHPO?ref_src=twsrc%5Etfw\">@DDHPO<\/a>, Bernardo Rodr\u00edguez Alamilla, firmaron un convenio. <a href=\"https:\/\/t.co\/jm4B6f6SCN\">pic.twitter.com\/jm4B6f6SCN<\/a><\/p>&mdash; Comunicaci\u00f3nUABJO (@comunica_UABJO) <a href=\"https:\/\/twitter.com\/comunica_UABJO\/status\/1375573149694226433?ref_src=twsrc%5Etfw\">26 de marzo de 2021<\/a><\/blockquote><\/div>\n<\/div><\/figure>\n\n\n\n<p>Apunt\u00f3 que las instituciones educativas deben generar mecanismos espec\u00edficos que incentiven la cultura de paz y tener un modelo educativo basado en la inclusi\u00f3n con respeto a la diversidad y perspectiva de g\u00e9nero.<\/p>\n\n\n\n<p>Expuso que la Universidad debe ser un referente para la paz, por ello el Programa Institucional de la Cultura de Paz quiere convertir a cada integrante de comunidad educativa en un mediador y promotor de la cultura de paz.<\/p>\n\n\n\n<p>Por su parte, el director del Instituto de Investigaciones Sociol\u00f3gicas de la Universidad Aut\u00f3noma \u00abBenito Ju\u00e1rez\u00bb de Oaxaca, Manuel Garza Zepeda dijo que la construcci\u00f3n del Programa Institucional de la Cultura de Paz es una suma de esfuerzos que busca la construcci\u00f3n de una agenda interinstitucional que favorezca una cultura de paz.<\/p>\n\n\n\n<p>Agreg\u00f3 que en Oaxaca las particularidades de la entidad hacen com\u00fan que se presenten conflictos, pero colectivamente por medio de la cultura de paz se puede solucionar cada uno de ellos, sin embargo, no desde una forma impositiva sino usando instrumentos educativos y de di\u00e1logo que permitan que la inclusi\u00f3n y el respeto sean las herramientas que construyan la cultura de paz.<\/p>\n\n\n\n<p>RESPONSABLES, TODOS<\/p>\n\n\n\n<p>En este marco, el Premio Nacional de Derechos Humanos 2017 y fundador de Serapaz, Manuel \u00c1lvarez G\u00e1ndara ofreci\u00f3 la conferencia magistral \u201cConflictividad y derechos humanos como reto al derecho por la paz\u201d.<\/p>\n\n\n\n<p>Expuso que entre los diversos actores que tienen la responsabilidad de promover el derecho a la paz, persiste una visi\u00f3n desfasada de la cultura de la paz y no violencia, la cual considera que debe haber ausencia de conflictos en las sociedades para considerar la existencia de la paz.<\/p>\n\n\n\n<p>Resalt\u00f3 que la cultura de la paz y no violencia busca construir un nuevo paradigma, en el cual, la paz se construya de adentro y hacia abajo, ya que es en el terreno de la sociedad donde est\u00e1 la clave.<\/p>\n\n\n\n<p>Dijo que los derechos humanos son un elemento fundamental en la construcci\u00f3n de la paz, pues desde esta perspectiva es posible atender no solo un episodio violento de un conflicto, sino atender el origen y sus diferentes aristas para dar una soluci\u00f3n de fondo al problema.<\/p>\n\n\n\n<p>Desde la cultura de paz y no violencia se busca privilegiar la construcci\u00f3n de las capacidades de las comunidades para actuar respecto a los conflictos y resolverlos sin usar la violencia como forma de lucha o soluci\u00f3n, sino construir un espacio de di\u00e1logo en los que se puedan resolver las conflictividades, concluy\u00f3.<\/p>\n","protected":false},"excerpt":{"rendered":"<p>Redacci\u00f3n\/Zona Roja. Oaxaca de Ju\u00e1rez, Oax., 27 de marzo de 2021.- La paz es una&hellip;<\/p>\n","protected":false},"author":2,"featured_media":25213,"comment_status":"closed","ping_status":"open","sticky":false,"template":"","format":"standard","meta":{"_lmt_disableupdate":"","_lmt_disable":"","_jetpack_memberships_contains_paid_content":false,"footnotes":""},"categories":[109,46],"tags":[286,360],"class_list":["post-25211","post","type-post","status-publish","format-standard","has-post-thumbnail","hentry","category-minuto-a-minuto","category-zona-blanca","tag-defensoria-de-los-derechos-humanos-del-pueblo-de-oaxaca","tag-rector-eduardo-bautista-martinez"],"jetpack_featured_media_url":"https:\/\/zonaroja.com.mx\/wp-content\/uploads\/2021\/03\/Rector-y-DDHPO.jpg","jetpack_sharing_enabled":true,"_links":{"self":[{"href":"https:\/\/zonaroja.com.mx\/index.php?rest_route=\/wp\/v2\/posts\/25211","targetHints":{"allow":["GET"]}}],"collection":[{"href":"https:\/\/zonaroja.com.mx\/index.php?rest_route=\/wp\/v2\/posts"}],"about":[{"href":"https:\/\/zonaroja.com.mx\/index.php?rest_route=\/wp\/v2\/types\/post"}],"author":[{"embeddable":true,"href":"https:\/\/zonaroja.com.mx\/index.php?rest_route=\/wp\/v2\/users\/2"}],"replies":[{"embeddable":true,"href":"https:\/\/zonaroja.com.mx\/index.php?rest_route=%2Fwp%2Fv2%2Fcomments&post=25211"}],"version-history":[{"count":1,"href":"https:\/\/zonaroja.com.mx\/index.php?rest_route=\/wp\/v2\/posts\/25211\/revisions"}],"predecessor-version":[{"id":25214,"href":"https:\/\/zonaroja.com.mx\/index.php?rest_route=\/wp\/v2\/posts\/25211\/revisions\/25214"}],"wp:featuredmedia":[{"embeddable":true,"href":"https:\/\/zonaroja.com.mx\/index.php?rest_route=\/wp\/v2\/media\/25213"}],"wp:attachment":[{"href":"https:\/\/zonaroja.com.mx\/index.php?rest_route=%2Fwp%2Fv2%2Fmedia&parent=25211"}],"wp:term":[{"taxonomy":"category","embeddable":true,"href":"https:\/\/zonaroja.com.mx\/index.php?rest_route=%2Fwp%2Fv2%2Fcategories&post=25211"},{"taxonomy":"post_tag","embeddable":true,"href":"https:\/\/zonaroja.com.mx\/index.php?rest_route=%2Fwp%2Fv2%2Ftags&post=25211"}],"curies":[{"name":"wp","href":"https:\/\/api.w.org\/{rel}","templated":true}]}}