{"id":25215,"date":"2021-03-27T15:43:14","date_gmt":"2021-03-27T21:43:14","guid":{"rendered":"http:\/\/www.zonaroja.com.mx\/?p=25215"},"modified":"2021-03-27T15:43:19","modified_gmt":"2021-03-27T21:43:19","slug":"resurge-problematica-en-el-maco-personal-acusa-danos-en-la-coleccion-de-arte","status":"publish","type":"post","link":"https:\/\/zonaroja.com.mx\/?p=25215","title":{"rendered":"Resurge problem\u00e1tica en el MACO; personal acusa da\u00f1os en la colecci\u00f3n de arte"},"content":{"rendered":"\n<p>Evlin Arag\u00f3n\/Zona Roja.<\/p>\n\n\n\n<p>Oaxaca de Ju\u00e1rez, Oax., 27 de marzo de 2021.- Personal del Museo de Arte Contempor\u00e1neo de Oaxaca (MACO) responsabiliz\u00f3 a Rub\u00e9n Leyva Jim\u00e9nez y Jos\u00e9 Luis Bustamante del Valle de los da\u00f1os, faltantes y otros atropellos a la obra de la colecci\u00f3n del recinto, a sus archivos, materiales, herramientas y todos los contenidos en la bodega.<\/p>\n\n\n\n<p>Lo anterior debido a la falta de mantenimiento, desde hace dos meses al interior de la bodega, situaci\u00f3n que han hecho evidente y que no ha sido tomada en cuenta por quienes encabezan la asociaci\u00f3n civil \u201cAmigos del MACO\u201d, encargada de la conservaci\u00f3n del museo.<\/p>\n\n\n\n<p>Al respecto, en un comunicado, los trabajadores evidenciaron el desconocimiento de Leyva Jim\u00e9nez y Bustamante del Valle sobre las tareas fundamentales de los museos, que precisamente tienen que ver con la conservaci\u00f3n de su colecci\u00f3n y exposiciones, por ello los responsabilizaron de los da\u00f1os en el acervo.&nbsp;<\/p>\n\n\n\n<p>\u201cHacemos responsables a Rub\u00e9n Leyva Jim\u00e9nez y a Jos\u00e9 Luis Bustamante del Valle de los da\u00f1os, faltantes y otros atropellos a la obra de la Colecci\u00f3n del MACO, a sus archivos, materiales, herramientas y todos los contenidos en la Bodega del MACO. Tambi\u00e9n a las instituciones oficiales que siguen participando en estos abusos que vulneran la integridad de tan valioso acervo y nuestro derecho a ejercer libremente nuestro trabajo\u201d, refieren.<\/p>\n\n\n\n<p>Explicaron que, de nueva cuenta, fueron enga\u00f1ados por quienes representan al Museo, ya que hab\u00edan acordado la realizaci\u00f3n de una auditor\u00eda a la bodega del MACO el d\u00eda 26 de marzo, sin embargo, de nueva cuenta y sin previo aviso, cambiaron la hora de reuni\u00f3n pese a que tambi\u00e9n participar\u00edan observadores de derechos humanos y asesores en la conservaci\u00f3n y restauraci\u00f3n.&nbsp;<\/p>\n\n\n\n<p>\u201cLa directora se comunic\u00f3 con el secretario de los \u2018Amigos del MACO\u2019 para avisar de nuestra presencia ah\u00ed, afuera de las instalaciones de la bodega, ah\u00ed fue que le inform\u00f3 que hab\u00edan cambiado la hora de llegada para la revisi\u00f3n y dictaminaci\u00f3n, y que llevar\u00edan a una notar\u00eda para levantar un acta\u201d, refiere el documento.&nbsp;&nbsp;<\/p>\n\n\n\n<p>De ah\u00ed que, con la intenci\u00f3n de no permitir m\u00e1s humillaciones ni faltas de respeto a su trabajo, tiempo y dignidad, las y los trabajadores del MACO decidieron retirarse del lugar, responsabilizando de los da\u00f1os que pueda tener la colecci\u00f3n a Rub\u00e9n Leyva Jim\u00e9nez y Jos\u00e9 Luis Bustamante del Valle.<\/p>\n\n\n\n<p>Finalmente, recordaron que fue desde el 28 de enero de este a\u00f1o, que ambos personajes en contubernio con la Secretar\u00eda de las Culturas y las Artes de Oaxaca, instruyeron a la Polic\u00eda Auxiliar para impedirle el acceso al personal del museo para realizar sus labores de conservaci\u00f3n y control de la bodega y sus contenidos.<\/p>\n\n\n\n<p>De ah\u00ed que ser\u00e1 su responsabilidad el deterioro que presente la obra y colecci\u00f3n del recinto.&nbsp;<\/p>\n","protected":false},"excerpt":{"rendered":"<p>Evlin Arag\u00f3n\/Zona Roja. Oaxaca de Ju\u00e1rez, Oax., 27 de marzo de 2021.- Personal del Museo&hellip;<\/p>\n","protected":false},"author":2,"featured_media":23034,"comment_status":"closed","ping_status":"open","sticky":false,"template":"","format":"standard","meta":{"_lmt_disableupdate":"","_lmt_disable":"","_jetpack_memberships_contains_paid_content":false,"footnotes":""},"categories":[109,47],"tags":[2298],"class_list":["post-25215","post","type-post","status-publish","format-standard","has-post-thumbnail","hentry","category-minuto-a-minuto","category-zona-gris","tag-museo-de-arte-contemporaneo-de-oaxaca-maco"],"jetpack_featured_media_url":"https:\/\/zonaroja.com.mx\/wp-content\/uploads\/2021\/01\/Museo-de-Arte-Contemporaneo-de-Oaxaca-MACO.jpg","jetpack_sharing_enabled":true,"_links":{"self":[{"href":"https:\/\/zonaroja.com.mx\/index.php?rest_route=\/wp\/v2\/posts\/25215","targetHints":{"allow":["GET"]}}],"collection":[{"href":"https:\/\/zonaroja.com.mx\/index.php?rest_route=\/wp\/v2\/posts"}],"about":[{"href":"https:\/\/zonaroja.com.mx\/index.php?rest_route=\/wp\/v2\/types\/post"}],"author":[{"embeddable":true,"href":"https:\/\/zonaroja.com.mx\/index.php?rest_route=\/wp\/v2\/users\/2"}],"replies":[{"embeddable":true,"href":"https:\/\/zonaroja.com.mx\/index.php?rest_route=%2Fwp%2Fv2%2Fcomments&post=25215"}],"version-history":[{"count":1,"href":"https:\/\/zonaroja.com.mx\/index.php?rest_route=\/wp\/v2\/posts\/25215\/revisions"}],"predecessor-version":[{"id":25216,"href":"https:\/\/zonaroja.com.mx\/index.php?rest_route=\/wp\/v2\/posts\/25215\/revisions\/25216"}],"wp:featuredmedia":[{"embeddable":true,"href":"https:\/\/zonaroja.com.mx\/index.php?rest_route=\/wp\/v2\/media\/23034"}],"wp:attachment":[{"href":"https:\/\/zonaroja.com.mx\/index.php?rest_route=%2Fwp%2Fv2%2Fmedia&parent=25215"}],"wp:term":[{"taxonomy":"category","embeddable":true,"href":"https:\/\/zonaroja.com.mx\/index.php?rest_route=%2Fwp%2Fv2%2Fcategories&post=25215"},{"taxonomy":"post_tag","embeddable":true,"href":"https:\/\/zonaroja.com.mx\/index.php?rest_route=%2Fwp%2Fv2%2Ftags&post=25215"}],"curies":[{"name":"wp","href":"https:\/\/api.w.org\/{rel}","templated":true}]}}