{"id":25217,"date":"2021-03-28T09:00:39","date_gmt":"2021-03-28T15:00:39","guid":{"rendered":"http:\/\/www.zonaroja.com.mx\/?p=25217"},"modified":"2021-03-27T21:00:05","modified_gmt":"2021-03-28T03:00:05","slug":"mujeres-periodistas-tambien-luchan-por-ganar-mas-espacios-en-medios","status":"publish","type":"post","link":"https:\/\/zonaroja.com.mx\/?p=25217","title":{"rendered":"Mujeres periodistas tambi\u00e9n luchan por ganar m\u00e1s espacios en medios"},"content":{"rendered":"\n<p>Redacci\u00f3n\/Zona Roja.<\/p>\n\n\n\n<p>Oaxaca de Ju\u00e1rez, Oax., 28 de marzo de 2021.- Lograr una participaci\u00f3n mayor de las mujeres en los medios de comunicaci\u00f3n, desde su ejercicio de campo hasta en direcciones de medios, sigue siendo uno de los retos que las periodistas enfrentan en Oaxaca.<\/p>\n\n\n\n<p>A trav\u00e9s del conversatorio \u201cMujeres periodistas: Violencia y retos durante la pandemia Covid-19\u201d, organizado por la Secretar\u00eda de las Mujeres Oaxaque\u00f1as, comunicadoras de las diferentes regiones del estado mostraron el escenario para las mujeres desde los distintos \u00e1mbitos culturales y sociales.<\/p>\n\n\n\n<p>Las participantes Sof\u00eda Valdivia, Nathalie G\u00f3mez, Diana Manzo, Yuridiana Sosa, Sheila Santiago e Ivet Mendoza, tambi\u00e9n expusieron los retos que han enfrentado para continuar con su labor period\u00edstica en medio de la pandemia, periodo en el que las labores se han multiplicado y en la que existe una dependencia mayor del uso del tel\u00e9fono y la tecnolog\u00eda para sacar adelante su trabajo.<\/p>\n\n\n\n<p>La titular de la Secretar\u00eda, Ana V\u00e1zquez Colmenares, se\u00f1al\u00f3 que es indispensable que exista una mayor participaci\u00f3n de mujeres en los medios de la entidad, lo que generar\u00e1 contenidos con m\u00e1s perspectiva de g\u00e9nero, as\u00ed como es importante su inclusi\u00f3n en la toma de decisiones desde cargos directivos.<\/p>\n\n\n\n<p>Puntualiz\u00f3 que la labor de los medios es fundamental para detener las violencias contra las mujeres.<\/p>\n\n\n\n<p>\u201cQueremos que las historias escritas por hombres y mujeres no tengan sesgo, mandatos del sistema heteropatriarcal que reproducen mensajes que encasillan a la mujer con estereotipos, debemos detener lo violencia simb\u00f3lica desde los medios de comunicaci\u00f3n\u201d, dijo.<\/p>\n\n\n\n<p>Las reporteras, quienes a su vez han logrado jefaturas y direcciones en los medios en los que laboran, de las regiones de Valles Centrales, Cuenca, Costa e Istmo, coincidieron en que el n\u00famero de mujeres comunic\u00f3logas sigue siendo reducido en cada punto del estado en comparaci\u00f3n al de hombres, por lo que la tarea para visibilizar los hechos que impactan a las oaxaque\u00f1as desde la perspectiva de g\u00e9nero es doble.<\/p>\n\n\n\n<p>En la Cuenca, expuso Yuridiana Sosa, corresponsal de ZONA ROJA, las reporteras tambi\u00e9n se enfrentan a la inseguridad para poder realizar con libertad su ejercicio period\u00edstico; primero, trabajar bajo un ambiente donde los hechos delictivos generaban un ambiente de tensi\u00f3n y miedo en la sociedad y luego, por el incremento de desaparici\u00f3n de mujeres, acosos sexuales y feminicidios.<\/p>\n\n\n\n<p>Respecto a la pandemia, las reporteras se adaptaron a una nueva forma de hacer periodismo con el uso de las tecnolog\u00edas, pero con jornadas laborales que deben compartir con el \u00e1mbito familiar y personal,&nbsp; bajo el temor enfermar o cursar la enfermedad sin contar con seguridad social.<\/p>\n","protected":false},"excerpt":{"rendered":"<p>Redacci\u00f3n\/Zona Roja. Oaxaca de Ju\u00e1rez, Oax., 28 de marzo de 2021.- Lograr una participaci\u00f3n mayor&hellip;<\/p>\n","protected":false},"author":2,"featured_media":25218,"comment_status":"closed","ping_status":"open","sticky":false,"template":"","format":"standard","meta":{"_lmt_disableupdate":"","_lmt_disable":"","_jetpack_memberships_contains_paid_content":false,"footnotes":""},"categories":[109,46],"tags":[2553],"class_list":["post-25217","post","type-post","status-publish","format-standard","has-post-thumbnail","hentry","category-minuto-a-minuto","category-zona-blanca","tag-conversatorio-mujeres-periodistas-oaxaca"],"jetpack_featured_media_url":"https:\/\/zonaroja.com.mx\/wp-content\/uploads\/2021\/03\/Foro-periodistas-y-feminicidio.jpg","jetpack_sharing_enabled":true,"_links":{"self":[{"href":"https:\/\/zonaroja.com.mx\/index.php?rest_route=\/wp\/v2\/posts\/25217","targetHints":{"allow":["GET"]}}],"collection":[{"href":"https:\/\/zonaroja.com.mx\/index.php?rest_route=\/wp\/v2\/posts"}],"about":[{"href":"https:\/\/zonaroja.com.mx\/index.php?rest_route=\/wp\/v2\/types\/post"}],"author":[{"embeddable":true,"href":"https:\/\/zonaroja.com.mx\/index.php?rest_route=\/wp\/v2\/users\/2"}],"replies":[{"embeddable":true,"href":"https:\/\/zonaroja.com.mx\/index.php?rest_route=%2Fwp%2Fv2%2Fcomments&post=25217"}],"version-history":[{"count":2,"href":"https:\/\/zonaroja.com.mx\/index.php?rest_route=\/wp\/v2\/posts\/25217\/revisions"}],"predecessor-version":[{"id":25227,"href":"https:\/\/zonaroja.com.mx\/index.php?rest_route=\/wp\/v2\/posts\/25217\/revisions\/25227"}],"wp:featuredmedia":[{"embeddable":true,"href":"https:\/\/zonaroja.com.mx\/index.php?rest_route=\/wp\/v2\/media\/25218"}],"wp:attachment":[{"href":"https:\/\/zonaroja.com.mx\/index.php?rest_route=%2Fwp%2Fv2%2Fmedia&parent=25217"}],"wp:term":[{"taxonomy":"category","embeddable":true,"href":"https:\/\/zonaroja.com.mx\/index.php?rest_route=%2Fwp%2Fv2%2Fcategories&post=25217"},{"taxonomy":"post_tag","embeddable":true,"href":"https:\/\/zonaroja.com.mx\/index.php?rest_route=%2Fwp%2Fv2%2Ftags&post=25217"}],"curies":[{"name":"wp","href":"https:\/\/api.w.org\/{rel}","templated":true}]}}