{"id":25224,"date":"2021-03-27T20:52:40","date_gmt":"2021-03-28T02:52:40","guid":{"rendered":"http:\/\/www.zonaroja.com.mx\/?p=25224"},"modified":"2021-03-27T20:52:44","modified_gmt":"2021-03-28T02:52:44","slug":"reconoce-gobernador-legalidad-de-paro-de-labores-de-policia-estatal","status":"publish","type":"post","link":"https:\/\/zonaroja.com.mx\/?p=25224","title":{"rendered":"Reconoce gobernador legalidad de paro de labores de Polic\u00eda Estatal"},"content":{"rendered":"\n<p>Redacci\u00f3n\/Zona Roja.<\/p>\n\n\n\n<p>Oaxaca de Ju\u00e1rez, Oax., 27 de marzo de 2021.- El gobernador de Oaxaca, Alejandro Murat Hinojosa, reconoci\u00f3 la legalidad del paro de labores por nueve d\u00edas de un grupo de elementos de la Polic\u00eda Estatal y se comprometi\u00f3 a seguir apoyando sus causas.<\/p>\n\n\n\n<p>Adem\u00e1s, perdon\u00f3 el uso de veh\u00edculos oficiales, en este caso patrullas, en las movilizaciones que realizaron los elementos y que utilizaron para trasladarse a diversos puntos de la capital y zona conurbada.<\/p>\n\n\n\n<p>Al mediod\u00eda de este s\u00e1bado culmin\u00f3 el paro laboral y cerca de las siete de la noche, el mandatario acudi\u00f3 al cuartel de la Secretar\u00eda de Seguridad P\u00fablica de Oaxaca (SSPO), en Santa Mar\u00eda Coyotepec, para oficializar los acuerdos.<\/p>\n\n\n\n<p>\u201cEn este proceso de alrededor de ocho d\u00edas, ustedes me han orientado; esposas de compa\u00f1eras y compa\u00f1eros tambi\u00e9n. Quiero reiterarles mi compromiso de que siempre estar\u00e9 cerca de ustedes hasta el \u00faltimo d\u00eda de mi gobierno.<\/p>\n\n\n\n<p>\u201cPor eso quiero agregar al acuerdo que una vez al mes, como gobernador estar\u00e9 aqu\u00ed con una comisi\u00f3n rotativa para poder escuchar sus inquietudes y sus necesidades; para seguir planteando c\u00f3mo fortalecer esta secretar\u00eda, pero especialmente sus necesidades.<\/p>\n\n\n\n<p>\u201cHablo de oportunidades porque hoy convertimos este reto y estas exigencias en realidades; hoy, a diferencia de cuando arranc\u00f3 este proceso, van a tener acceso a la vivienda a trav\u00e9s de la banca comercial con subsidios que vamos a aportar\u201d, les dijo.<\/p>\n\n\n\n<p>En las dos reuniones, la primera que presidieron los secretarios de Administraci\u00f3n, Germ\u00e1n Espinosa, y de la General de Gobierno, Francisco Garc\u00eda L\u00f3pez, as\u00ed como en la segunda, la visita del gobernador, ninguna de las partes habl\u00f3 de cese o cambio de mandos o titular de la SSPO.<\/p>\n\n\n\n<figure class=\"wp-block-embed-twitter wp-block-embed is-type-rich is-provider-twitter\"><div class=\"wp-block-embed__wrapper\">\n<div class=\"twitter-tweet\"><blockquote class=\"twitter-tweet\" data-lang=\"es\"><p lang=\"es\" dir=\"ltr\"><a href=\"https:\/\/twitter.com\/hashtag\/%C3%9AltimoMinuto?src=hash&amp;ref_src=twsrc%5Etfw\">#\u00daltimoMinuto<\/a> <br>Con la visita del gobernador <a href=\"https:\/\/twitter.com\/alejandromurat?ref_src=twsrc%5Etfw\">@alejandromurat<\/a> se oficializ\u00f3 el fin del paro de labores de elementos de la <a href=\"https:\/\/twitter.com\/Policia_GobOax?ref_src=twsrc%5Etfw\">@Policia_GobOax<\/a>. <br>Sin embargo, el mandatario evadi\u00f3 explicar a la prensa los acuerdos alcanzados, tras nueve d\u00edas de protestas pac\u00edficas. <a href=\"https:\/\/t.co\/SD8fTAnGay\">pic.twitter.com\/SD8fTAnGay<\/a><\/p>&mdash; Zona Roja Oaxaca (@Zona_Roja_Oax) <a href=\"https:\/\/twitter.com\/Zona_Roja_Oax\/status\/1375980650201767941?ref_src=twsrc%5Etfw\">28 de marzo de 2021<\/a><\/blockquote><\/div>\n<\/div><\/figure>\n\n\n\n<p>LOS LOGROS<\/p>\n\n\n\n<p>De acuerdo con un comunicado de prensa del gobierno estatal, entre los acuerdos alcanzados por los polic\u00edas, se encuentra que a partir de abril se dar\u00e1 un bono de 80 mil pesos para el mejor polic\u00eda del mes.<\/p>\n\n\n\n<p>Se acord\u00f3 que el incremento de los haberes se encuentra sujeto al aumento salarial que se realice conforme al acuerdo que el Gobierno del Estado alcance con el sindicato de los Tres Poderes del Gobierno del Estado (STPEIDCEO), quienes cuentan con la titularidad del Contrato Colectivo de Trabajo.<\/p>\n\n\n\n<p>Asimismo, se otorg\u00f3 un aumento al pago del bono disciplinario de 250 a 300 pesos, y se pagar\u00e1 un bono Covid \u2013por \u00fanica ocasi\u00f3n- por la cantidad de 400 pesos a cada elemento.<\/p>\n\n\n\n<p>Con respecto al pago del bono de alimentos diarios que se otorga de manera independiente al salario, el Gobierno del Estado propuso la cantidad de 55 pesos, lo que significa un 55% de aumento a este concepto, mismo que fue aceptado por la comisi\u00f3n de las y los polic\u00edas. Cabe destacar que la media nacional de esta prestaci\u00f3n es de 42 pesos.<\/p>\n\n\n\n<p>En lo que corresponde al seguro de vida, se acord\u00f3 contratar una nueva p\u00f3liza para que se tenga un aumento en la indemnizaci\u00f3n, la cual asciende de 400 mil a 500 mil pesos por muerte accidental y de 200 a 250 mil pesos por muerte natural. De igual manera, los gastos funerarios incrementar\u00e1n de 45 a 50 mil pesos.<\/p>\n\n\n\n<p>En el tema de vivienda, se gestionar\u00e1 el beneficio de cr\u00e9dito hipotecario a trav\u00e9s de la banca comercial con tasas preferenciales, mismo que ser\u00e1 destinado para la construcci\u00f3n, adquisici\u00f3n, remodelaci\u00f3n o ampliaci\u00f3n, el cual ser\u00e1 presentado en 30 d\u00edas posteriores. Como parte de los acuerdos, el Gobierno del Estado otorgar\u00e1 un apoyo de 10 mil pesos a los primeros 300 cr\u00e9ditos otorgados a los elementos.<\/p>\n\n\n\n<figure class=\"wp-block-embed-twitter wp-block-embed is-type-rich is-provider-twitter\"><div class=\"wp-block-embed__wrapper\">\n<div class=\"twitter-tweet\"><blockquote class=\"twitter-tweet\" data-lang=\"es\"><p lang=\"es\" dir=\"ltr\"><a href=\"https:\/\/twitter.com\/hashtag\/%C3%9AltimoMinuto?src=hash&amp;ref_src=twsrc%5Etfw\">#\u00daltimoMinuto<\/a> <br>Una vez firmado el acuerdo administrativo, polic\u00edas inconformes entregan el cuartel ubicado en Santa Mar\u00eda Coyotepec. <br>Reconocen que no estuvo en el pliego petitorio la renuncia de mandos o del titular de la <a href=\"https:\/\/twitter.com\/SSP_GobOax?ref_src=twsrc%5Etfw\">@SSP_GobOax<\/a>. <a href=\"https:\/\/t.co\/Ut8JovHqPc\">pic.twitter.com\/Ut8JovHqPc<\/a><\/p>&mdash; Zona Roja Oaxaca (@Zona_Roja_Oax) <a href=\"https:\/\/twitter.com\/Zona_Roja_Oax\/status\/1375917510319570952?ref_src=twsrc%5Etfw\">27 de marzo de 2021<\/a><\/blockquote><\/div>\n<\/div><\/figure>\n\n\n\n<p>Tambi\u00e9n se acord\u00f3 otorgar un nuevo bono por concepto del D\u00eda del Padre por la cantidad de 200 pesos.<\/p>\n\n\n\n<p>En lo que corresponde al Seguro Social, les fue explicado que es el mismo que tienen todos los trabajadores y al ser derechohabientes cuentan con todos los servicios m\u00e9dicos, encausando cada particularidad con la delegaci\u00f3n del Instituto Mexicano del Seguro Social (IMSS).<\/p>\n\n\n\n<p>Con el prop\u00f3sito de dar atenci\u00f3n a las y los elementos de la corporaci\u00f3n, se crear\u00e1 un \u00e1rea especializada para asesor\u00eda legal y administrativa, para coordinar la atenci\u00f3n del Seguro Social y acompa\u00f1amiento para el pago de la indemnizaci\u00f3n por parte de la aseguradora.<\/p>\n\n\n\n<p>Respecto al pago de vi\u00e1ticos, la Secretar\u00eda se apegar\u00e1 al tabulador establecido por el Congreso del Estado. Dentro de los primero cuatros d\u00edas se dar\u00e1 inicio al tr\u00e1mite de las CLC\u00b4s&nbsp; de vi\u00e1ticos ante la Secretar\u00eda de Finanzas.<\/p>\n\n\n\n<p>Al finalizar la reuni\u00f3n, se pact\u00f3 en levantar el paro de labores que manten\u00edan las y los elementos en el cuartel de la Polic\u00eda Estatal y regresar de manera habitual a sus actividades de seguridad, en beneficio de las y los oaxaque\u00f1os.<\/p>\n","protected":false},"excerpt":{"rendered":"<p>Redacci\u00f3n\/Zona Roja. Oaxaca de Ju\u00e1rez, Oax., 27 de marzo de 2021.- El gobernador de Oaxaca,&hellip;<\/p>\n","protected":false},"author":2,"featured_media":25225,"comment_status":"closed","ping_status":"open","sticky":false,"template":"","format":"standard","meta":{"_lmt_disableupdate":"","_lmt_disable":"","_jetpack_memberships_contains_paid_content":false,"footnotes":""},"categories":[109,47],"tags":[984,175],"class_list":["post-25224","post","type-post","status-publish","format-standard","has-post-thumbnail","hentry","category-minuto-a-minuto","category-zona-gris","tag-policia-estatal-de-oaxaca","tag-secretaria-de-seguridad-publica-de-oaxaca"],"jetpack_featured_media_url":"https:\/\/zonaroja.com.mx\/wp-content\/uploads\/2021\/03\/Fin-paro-policias-SSPO.jpg","jetpack_sharing_enabled":true,"_links":{"self":[{"href":"https:\/\/zonaroja.com.mx\/index.php?rest_route=\/wp\/v2\/posts\/25224","targetHints":{"allow":["GET"]}}],"collection":[{"href":"https:\/\/zonaroja.com.mx\/index.php?rest_route=\/wp\/v2\/posts"}],"about":[{"href":"https:\/\/zonaroja.com.mx\/index.php?rest_route=\/wp\/v2\/types\/post"}],"author":[{"embeddable":true,"href":"https:\/\/zonaroja.com.mx\/index.php?rest_route=\/wp\/v2\/users\/2"}],"replies":[{"embeddable":true,"href":"https:\/\/zonaroja.com.mx\/index.php?rest_route=%2Fwp%2Fv2%2Fcomments&post=25224"}],"version-history":[{"count":1,"href":"https:\/\/zonaroja.com.mx\/index.php?rest_route=\/wp\/v2\/posts\/25224\/revisions"}],"predecessor-version":[{"id":25226,"href":"https:\/\/zonaroja.com.mx\/index.php?rest_route=\/wp\/v2\/posts\/25224\/revisions\/25226"}],"wp:featuredmedia":[{"embeddable":true,"href":"https:\/\/zonaroja.com.mx\/index.php?rest_route=\/wp\/v2\/media\/25225"}],"wp:attachment":[{"href":"https:\/\/zonaroja.com.mx\/index.php?rest_route=%2Fwp%2Fv2%2Fmedia&parent=25224"}],"wp:term":[{"taxonomy":"category","embeddable":true,"href":"https:\/\/zonaroja.com.mx\/index.php?rest_route=%2Fwp%2Fv2%2Fcategories&post=25224"},{"taxonomy":"post_tag","embeddable":true,"href":"https:\/\/zonaroja.com.mx\/index.php?rest_route=%2Fwp%2Fv2%2Ftags&post=25224"}],"curies":[{"name":"wp","href":"https:\/\/api.w.org\/{rel}","templated":true}]}}