{"id":25228,"date":"2021-03-27T21:18:30","date_gmt":"2021-03-28T03:18:30","guid":{"rendered":"http:\/\/www.zonaroja.com.mx\/?p=25228"},"modified":"2021-03-27T21:18:33","modified_gmt":"2021-03-28T03:18:33","slug":"una-semana-y-no-hay-justicia-para-ivonne-gallegos-fiscalia-sin-pistas","status":"publish","type":"post","link":"https:\/\/zonaroja.com.mx\/?p=25228","title":{"rendered":"Una semana y no hay justicia para Ivonne Gallegos; Fiscal\u00eda, sin pistas"},"content":{"rendered":"\n<p>Yuridiana Sosa\/Zona Roja.<\/p>\n\n\n\n<p>Oaxaca de Ju\u00e1rez, Oax., 27 de marzo de 2021.- El feminicidio de Ivonne Gallegos Carre\u00f1o, candidata a la presidencia de Ocotl\u00e1n de Morelos, cumple una semana en la impunidad.<\/p>\n\n\n\n<p>Su asesinato, perpetrado el s\u00e1bado 20 de marzo, a\u00fan no tiene ning\u00fan tipo de informe por parte de la Fiscal\u00eda General de Oaxaca, que de acuerdo con fuentes internas, trajo de la capital del pa\u00eds a expertos forenses, a falta de profesionales en la entidad.<\/p>\n\n\n\n<p>Eufrosina Cruz Mendoza, en su calidad de activista, pol\u00edtica y amiga de Ivonne, exige justicia por este caso, donde la inseguridad, las omisiones y la impunidad han dejado hu\u00e9rfano a un ni\u00f1o de 10 a\u00f1os.<\/p>\n\n\n\n<p>\u201cDuele tanto ser mujer en este pa\u00eds, duele tanto so\u00f1ar con participar en la vida p\u00fablica. \u00bfA qui\u00e9n le estorbamos las mujeres? Pero del mismo dolor nace el grito: \u00a1\u00a1\u00a1As\u00ed no&#8230;!!!\u201d, escribi\u00f3 Cruz Mendoza en un art\u00edculo publicado por el diario \u201cReforma\u201d.<\/p>\n\n\n\n<p>La ex secretaria de Pueblos Ind\u00edgenas fue en\u00e9rgica en su mensaje:<\/p>\n\n\n\n<p>\u201cTu muerte no quedar\u00e1 impune. Voy a empe\u00f1ar en ello toda mi energ\u00eda, mi coraz\u00f3n, mi tiempo, mi fuerza y mi convicci\u00f3n para que se conozca la verdad, que se desenmascare a los culpables y se haga justicia. Que paguen los asesinos, que se lleve ante la ley a esos criminales y que nunca m\u00e1s nadie se atreva a atentar contra una mujer\u201d.<\/p>\n\n\n\n<p>Por este caso Cruz Mendoza, quien hasta el momento es la voz de la familia en busca de justicia, alz\u00f3 tambi\u00e9n la voz desde el noticiero de radio a nivel nacional de Paola Rojas.<\/p>\n\n\n\n<p>Desde el llanto expresa: \u201cNo encuentro palabras, \u00bfVale la pena seguir so\u00f1ando si en ese sue\u00f1o te arrebatan la vida?\u201d, en referencia al sue\u00f1o de Gallegos Carre\u00f1o de formar parte de la pol\u00edtica de su estado como presidenta municipal de su ciudad natal.<\/p>\n\n\n\n<p>CADENA DE CR\u00cdMENES<\/p>\n\n\n\n<p>A Ivonne, dijo hace seis a\u00f1os le arrebataron a su esposo, la justicia le deb\u00eda respuestas y ahora la justicia tambi\u00e9n est\u00e1 pendiente para ella y para su menor hijo que qued\u00f3 hu\u00e9rfano.<\/p>\n\n\n\n<p>Eufrosina Cruz record\u00f3 que Ivonne Gallegos era una apasionada de la defensa de las mujeres. Cuando fue diputada en la 61 legislatura de Oaxaca fungi\u00f3 como presidenta de la Comisi\u00f3n de Equidad y G\u00e9nero, desde donde impuls\u00f3 que el feminicidio recibiera un castigo.<\/p>\n\n\n\n<p>Cuando fue funcionaria de la Secretar\u00eda de los Pueblos Ind\u00edgenas y Afromexicanos, Ivonne impuls\u00f3 una campa\u00f1a contra la violencia de g\u00e9nero y recorri\u00f3 los municipios con Alerta de Violencia de G\u00e9nero.<\/p>\n\n\n\n<p>\u201cY la violencia le arrebata la vida \u00bfA qui\u00e9n le estorbamos? \u00bfA qui\u00e9n le hacemos da\u00f1os? Por no ceder\u201d, manifest\u00f3 la activista y pol\u00edtica.<\/p>\n\n\n\n<p>Esta lucha en busca de justicia por Ivonne, dijo, tambi\u00e9n va todas las mujeres que hasta ahora s\u00f3lo son una estad\u00edstica, en la que el sistema de justicia ha quedado a deber.<\/p>\n\n\n\n<p>\u201cDuele tanto ser mujer en este pa\u00eds, en estos d\u00edas me ha dolido ser mujer en nuestro pa\u00eds\u201d, confes\u00f3 con el llanto desbordado, donde el miedo cuestiona \u201csi vale la pena seguir en esto, si vale la pena si te arrebatan la vida y al rato dejas en la orfandad a tus hijos\u201d.<\/p>\n\n\n\n<p>Hasta el momento, la Fiscal\u00eda General del Estado, que preside Arturo Peimbert, guarda hermetismo en el caso, sucedido en la carretera a Ocotl\u00e1n de Morelos, a la altura del crucero a Santo Tom\u00e1s Jalietza, donde adem\u00e1s result\u00f3 herida una persona del sexo masculino.<\/p>\n","protected":false},"excerpt":{"rendered":"<p>Yuridiana Sosa\/Zona Roja. Oaxaca de Ju\u00e1rez, Oax., 27 de marzo de 2021.- El feminicidio de&hellip;<\/p>\n","protected":false},"author":2,"featured_media":25229,"comment_status":"closed","ping_status":"open","sticky":false,"template":"","format":"standard","meta":{"_lmt_disableupdate":"","_lmt_disable":"","_jetpack_memberships_contains_paid_content":false,"footnotes":""},"categories":[109,47],"tags":[2175,2538],"class_list":["post-25228","post","type-post","status-publish","format-standard","has-post-thumbnail","hentry","category-minuto-a-minuto","category-zona-gris","tag-eufrosina-cruz-mendoza","tag-ivonne-gallegos-carreno"],"jetpack_featured_media_url":"https:\/\/zonaroja.com.mx\/wp-content\/uploads\/2021\/03\/Ivonne-Gallegos-Carreno.jpg","jetpack_sharing_enabled":true,"_links":{"self":[{"href":"https:\/\/zonaroja.com.mx\/index.php?rest_route=\/wp\/v2\/posts\/25228","targetHints":{"allow":["GET"]}}],"collection":[{"href":"https:\/\/zonaroja.com.mx\/index.php?rest_route=\/wp\/v2\/posts"}],"about":[{"href":"https:\/\/zonaroja.com.mx\/index.php?rest_route=\/wp\/v2\/types\/post"}],"author":[{"embeddable":true,"href":"https:\/\/zonaroja.com.mx\/index.php?rest_route=\/wp\/v2\/users\/2"}],"replies":[{"embeddable":true,"href":"https:\/\/zonaroja.com.mx\/index.php?rest_route=%2Fwp%2Fv2%2Fcomments&post=25228"}],"version-history":[{"count":1,"href":"https:\/\/zonaroja.com.mx\/index.php?rest_route=\/wp\/v2\/posts\/25228\/revisions"}],"predecessor-version":[{"id":25230,"href":"https:\/\/zonaroja.com.mx\/index.php?rest_route=\/wp\/v2\/posts\/25228\/revisions\/25230"}],"wp:featuredmedia":[{"embeddable":true,"href":"https:\/\/zonaroja.com.mx\/index.php?rest_route=\/wp\/v2\/media\/25229"}],"wp:attachment":[{"href":"https:\/\/zonaroja.com.mx\/index.php?rest_route=%2Fwp%2Fv2%2Fmedia&parent=25228"}],"wp:term":[{"taxonomy":"category","embeddable":true,"href":"https:\/\/zonaroja.com.mx\/index.php?rest_route=%2Fwp%2Fv2%2Fcategories&post=25228"},{"taxonomy":"post_tag","embeddable":true,"href":"https:\/\/zonaroja.com.mx\/index.php?rest_route=%2Fwp%2Fv2%2Ftags&post=25228"}],"curies":[{"name":"wp","href":"https:\/\/api.w.org\/{rel}","templated":true}]}}