{"id":25231,"date":"2021-03-28T08:00:53","date_gmt":"2021-03-28T14:00:53","guid":{"rendered":"http:\/\/www.zonaroja.com.mx\/?p=25231"},"modified":"2021-03-27T21:37:08","modified_gmt":"2021-03-28T03:37:08","slug":"imparten-conferencia-sobre-derechos-indigenas-y-justicia-a-personal-del-pje","status":"publish","type":"post","link":"https:\/\/zonaroja.com.mx\/?p=25231","title":{"rendered":"Imparten conferencia sobre derechos ind\u00edgenas y justicia a personal del PJE"},"content":{"rendered":"\n<p>Redacci\u00f3n\/Zona Roja.<\/p>\n\n\n\n<p>Oaxaca de Ju\u00e1rez, Oax., 27 de marzo de 2021.- En los \u00faltimos 20 a\u00f1os del siglo pasado, los pueblos ind\u00edgenas emergieron como un nuevo sujeto social y sus organizaciones empezaron a convertirse en actores pol\u00edticos de las vidas nacionales, por varias din\u00e1micas, una de ellas la reinvindicaci\u00f3n de sus derechos, afirm\u00f3 el investigador Diego Iturralde Guerrero, coordinador general t\u00e9cnico del Consejo Nacional para la Igualdad de los Pueblos y Nacionalidades de Ecuador.<\/p>\n\n\n\n<p>Al impartir, a invitaci\u00f3n del Poder Judicial del Estado, la conferencia magistral virtual \u201cEntre la ley y la costumbre, 30 a\u00f1os despu\u00e9s. Jurisdicci\u00f3n ind\u00edgena y pluralismo jur\u00eddico\u201d, el tambi\u00e9n docente se\u00f1al\u00f3 que los movimientos ind\u00edgenas vienen planeando de una manera creciente el reconocimiento y vigencia de un derecho propio, pieza clave para resolver las particularidades de los pueblos y asegurar a la naci\u00f3n.<\/p>\n\n\n\n<p>Expres\u00f3 que en 1988, tras una serie de ponencias en un seminario internacional sobre Derecho Ind\u00edgena en Lima, Per\u00fa, los textos revisados y enriquecidos por sus autores aparecieron en el libro colectivo titulado \u201cEntre la ley y la costumbre, el derecho consuetudinario ind\u00edgena de Am\u00e9rica Latina\u201d, considerado un cl\u00e1sico de una perspectiva transdisciplinaria para abordar el tema de los derechos ind\u00edgenas.<\/p>\n\n\n\n<p>\u201cDesde esa \u00e9poca, la reflexi\u00f3n sobre la cuesti\u00f3n de los derechos ind\u00edgenas ha sido acompa\u00f1ada por el quehacer acad\u00e9mico diversificado que no s\u00f3lo describe las pr\u00e1cticas, sino que construye un andamiaje te\u00f3rico, metodol\u00f3gico y cr\u00edtico y ha contribuido a colocar el tema de los derechos ind\u00edgenas como una identidad anal\u00edtica muy importante\u201d, mencion\u00f3.<\/p>\n\n\n\n<p>En su oportunidad, el magistrado Luis Enrique Cordero Aguilar, presidente de la Sala de Justicia Ind\u00edgena y Quinta Sala Penal, se\u00f1al\u00f3 que uno de los ejes de la administraci\u00f3n del Poder Judicial que preside el magistrado Eduardo Pinacho S\u00e1nchez, es impulsar el pluralismo jur\u00eddico, una nueva forma de juzgar, principalmente, por la diversidad cultural que existe en Oaxaca, donde el 67.5 por ciento de la poblaci\u00f3n se autodescribe ind\u00edgena.<\/p>\n\n\n\n<p>Asimismo, puntualiz\u00f3 que en las \u00faltimas d\u00e9cadas no se hab\u00eda realizado un ejercicio acad\u00e9mico de la magnitud del Diplomado Pluralismo Jur\u00eddico, de la Teor\u00eda a la Praxis, que permiti\u00f3 proporcionar al personal judicial y a abogados ind\u00edgenas, las herramientas anal\u00edticas-metodol\u00f3gicas para que cuenten con una mejor comprensi\u00f3n y conocimientos que podr\u00e1n utilizar en las diferentes resoluciones de conflictos que se presenten.<\/p>\n\n\n\n<p>La conferencia completa se encuentra disponible en las redes sociales del Poder Judicial del Estado.<\/p>\n","protected":false},"excerpt":{"rendered":"<p>Redacci\u00f3n\/Zona Roja. Oaxaca de Ju\u00e1rez, Oax., 27 de marzo de 2021.- En los \u00faltimos 20&hellip;<\/p>\n","protected":false},"author":2,"featured_media":25232,"comment_status":"closed","ping_status":"open","sticky":false,"template":"","format":"standard","meta":{"_lmt_disableupdate":"","_lmt_disable":"","_jetpack_memberships_contains_paid_content":false,"footnotes":""},"categories":[109,46],"tags":[223],"class_list":["post-25231","post","type-post","status-publish","format-standard","has-post-thumbnail","hentry","category-minuto-a-minuto","category-zona-blanca","tag-poder-judicial-de-oaxaca"],"jetpack_featured_media_url":"https:\/\/zonaroja.com.mx\/wp-content\/uploads\/2021\/03\/Especialista-de-Ecuador-dicto-conferencia-magistral-a-personal-del-Poder-Judicial.jpg","jetpack_sharing_enabled":true,"_links":{"self":[{"href":"https:\/\/zonaroja.com.mx\/index.php?rest_route=\/wp\/v2\/posts\/25231","targetHints":{"allow":["GET"]}}],"collection":[{"href":"https:\/\/zonaroja.com.mx\/index.php?rest_route=\/wp\/v2\/posts"}],"about":[{"href":"https:\/\/zonaroja.com.mx\/index.php?rest_route=\/wp\/v2\/types\/post"}],"author":[{"embeddable":true,"href":"https:\/\/zonaroja.com.mx\/index.php?rest_route=\/wp\/v2\/users\/2"}],"replies":[{"embeddable":true,"href":"https:\/\/zonaroja.com.mx\/index.php?rest_route=%2Fwp%2Fv2%2Fcomments&post=25231"}],"version-history":[{"count":1,"href":"https:\/\/zonaroja.com.mx\/index.php?rest_route=\/wp\/v2\/posts\/25231\/revisions"}],"predecessor-version":[{"id":25233,"href":"https:\/\/zonaroja.com.mx\/index.php?rest_route=\/wp\/v2\/posts\/25231\/revisions\/25233"}],"wp:featuredmedia":[{"embeddable":true,"href":"https:\/\/zonaroja.com.mx\/index.php?rest_route=\/wp\/v2\/media\/25232"}],"wp:attachment":[{"href":"https:\/\/zonaroja.com.mx\/index.php?rest_route=%2Fwp%2Fv2%2Fmedia&parent=25231"}],"wp:term":[{"taxonomy":"category","embeddable":true,"href":"https:\/\/zonaroja.com.mx\/index.php?rest_route=%2Fwp%2Fv2%2Fcategories&post=25231"},{"taxonomy":"post_tag","embeddable":true,"href":"https:\/\/zonaroja.com.mx\/index.php?rest_route=%2Fwp%2Fv2%2Ftags&post=25231"}],"curies":[{"name":"wp","href":"https:\/\/api.w.org\/{rel}","templated":true}]}}