{"id":25238,"date":"2021-03-28T07:26:34","date_gmt":"2021-03-28T13:26:34","guid":{"rendered":"http:\/\/www.zonaroja.com.mx\/?p=25238"},"modified":"2021-03-28T07:26:37","modified_gmt":"2021-03-28T13:26:37","slug":"batea-semarnat-a-ambientalistas-oaxaquenos-los-refiere-con-la-autoridad-local","status":"publish","type":"post","link":"https:\/\/zonaroja.com.mx\/?p=25238","title":{"rendered":"\u00abBatea\u00bb Semarnat a ambientalistas oaxaque\u00f1os; los refiere con la autoridad local"},"content":{"rendered":"\n<p>Evlin Arag\u00f3n\/Zona Roja.<\/p>\n\n\n\n<p>Oaxaca de Ju\u00e1rez, Oax., 28 de marzo de 2021.- La Secretar\u00eda del Medio Ambiente y Recursos Naturales (Semarnat) refiri\u00f3 que son el municipio de Oaxaca de Ju\u00e1rez y el gobierno estatal, los responsables directos de atender la problem\u00e1tica que preocupa a los defensores y activistas del cuidado al medio ambiente, quienes se han manifestado de manera reciente por la conservaci\u00f3n y mantenimiento de los recursos.<\/p>\n\n\n\n<p>Lo anterior luego de recibir una carta, dirigida al presidente de la Rep\u00fablica, Andr\u00e9s L\u00f3pez Obrador, donde activistas solicitaban su intervenci\u00f3n para apoyar en el saneamiento de los r\u00edos, de la tierra y el aire, as\u00ed como la protecci\u00f3n de la flora y fauna en peligro de extinci\u00f3n, incluido el arbolado en la capital del estado.&nbsp;<\/p>\n\n\n\n<p>As\u00ed lo dio a conocer el ambientalista, Nasario Garc\u00eda Ram\u00edrez, quien lament\u00f3 que las autoridades se \u201cechen la bolita\u201d para deslindarse de una responsabilidad que debe ser mutua, m\u00e1s a\u00fan con las complicaciones que ya se avizoran en torno a la crisis ambiental.&nbsp;<\/p>\n\n\n\n<p>\u201cQu\u00e9 l\u00e1stima que a ninguna autoridad le importe el derecho a la vida, estamos viendo la crisis h\u00eddrica m\u00e1s lo que viene y ni aun as\u00ed reaccionan\u201d, expuso en sus redes sociales.&nbsp;<\/p>\n\n\n\n<p>Garc\u00eda Ram\u00edrez explic\u00f3 que fue el pasado 14 de febrero cuando, cansados de las negativas por parte de la autoridad local, abordaron al presidente de M\u00e9xico y le entregaron un documento que hac\u00eda referencia al estado actual que presenta el territorio oaxaque\u00f1o, as\u00ed como daban cuenta de las agresiones ambientales que se han registrado de manera reciente.&nbsp;<\/p>\n\n\n\n<p>A lo anterior obtuvieron una \u201ccl\u00e1sica\u201d respuesta, que ya esperaban, pero que no deja de ser indignante, en la que la federaci\u00f3n se deslinda de responsabilidades y los vincula con una autoridad local que ya ha demostrado nulo inter\u00e9s por el cuidado del medio ambiente.&nbsp;<\/p>\n\n\n\n<p>De acuerdo con la Semarnat, la Ley General del Equilibrio Ecol\u00f3gico y Protecci\u00f3n al Ambiente estipula que es facultad de los municipios la creaci\u00f3n y administraci\u00f3n de zonas de preservaci\u00f3n ecol\u00f3gica de los centros de poblaci\u00f3n, parques urbanos y jardines p\u00fablicos, por lo que es responsabilidad de la autoridad de Oaxaca de Ju\u00e1rez, encabezada por Oswaldo Garc\u00eda Jarqu\u00edn, responder a la conservaci\u00f3n y mantenimiento de los \u00e1rboles del z\u00f3calo y Alameda de Le\u00f3n.&nbsp;&nbsp;<\/p>\n\n\n\n<p>As\u00ed mismo la Ley del Equilibrio Ecol\u00f3gico del Estado de Oaxaca establece que corresponde a la Secretar\u00eda del Medio Ambiente, Energ\u00edas y Desarrollo Sustentable del Estado, hoy a cargo de Elena Iturribarr\u00eda, la implementaci\u00f3n de un plan integral de conservaci\u00f3n y mantenimiento los r\u00edos y dem\u00e1s recursos naturales, adem\u00e1s de la flora y fauna en peligro de extinci\u00f3n.&nbsp;<\/p>\n\n\n\n<p>Lo anterior preocupa a la comunidad ambientalista, particularmente porque la crisis en el medio ambiente se volver\u00e1 cada vez m\u00e1s grave, sin que existan autoridades que asuman un compromiso por combatirla.&nbsp;<\/p>\n","protected":false},"excerpt":{"rendered":"<p>Evlin Arag\u00f3n\/Zona Roja. Oaxaca de Ju\u00e1rez, Oax., 28 de marzo de 2021.- La Secretar\u00eda del&hellip;<\/p>\n","protected":false},"author":2,"featured_media":25239,"comment_status":"closed","ping_status":"open","sticky":false,"template":"","format":"standard","meta":{"_lmt_disableupdate":"","_lmt_disable":"","_jetpack_memberships_contains_paid_content":false,"footnotes":""},"categories":[109,47],"tags":[2554],"class_list":["post-25238","post","type-post","status-publish","format-standard","has-post-thumbnail","hentry","category-minuto-a-minuto","category-zona-gris","tag-nasario-garcia-ramirez"],"jetpack_featured_media_url":"https:\/\/zonaroja.com.mx\/wp-content\/uploads\/2021\/03\/Respuesta-Semarnat.jpg","jetpack_sharing_enabled":true,"_links":{"self":[{"href":"https:\/\/zonaroja.com.mx\/index.php?rest_route=\/wp\/v2\/posts\/25238","targetHints":{"allow":["GET"]}}],"collection":[{"href":"https:\/\/zonaroja.com.mx\/index.php?rest_route=\/wp\/v2\/posts"}],"about":[{"href":"https:\/\/zonaroja.com.mx\/index.php?rest_route=\/wp\/v2\/types\/post"}],"author":[{"embeddable":true,"href":"https:\/\/zonaroja.com.mx\/index.php?rest_route=\/wp\/v2\/users\/2"}],"replies":[{"embeddable":true,"href":"https:\/\/zonaroja.com.mx\/index.php?rest_route=%2Fwp%2Fv2%2Fcomments&post=25238"}],"version-history":[{"count":1,"href":"https:\/\/zonaroja.com.mx\/index.php?rest_route=\/wp\/v2\/posts\/25238\/revisions"}],"predecessor-version":[{"id":25240,"href":"https:\/\/zonaroja.com.mx\/index.php?rest_route=\/wp\/v2\/posts\/25238\/revisions\/25240"}],"wp:featuredmedia":[{"embeddable":true,"href":"https:\/\/zonaroja.com.mx\/index.php?rest_route=\/wp\/v2\/media\/25239"}],"wp:attachment":[{"href":"https:\/\/zonaroja.com.mx\/index.php?rest_route=%2Fwp%2Fv2%2Fmedia&parent=25238"}],"wp:term":[{"taxonomy":"category","embeddable":true,"href":"https:\/\/zonaroja.com.mx\/index.php?rest_route=%2Fwp%2Fv2%2Fcategories&post=25238"},{"taxonomy":"post_tag","embeddable":true,"href":"https:\/\/zonaroja.com.mx\/index.php?rest_route=%2Fwp%2Fv2%2Ftags&post=25238"}],"curies":[{"name":"wp","href":"https:\/\/api.w.org\/{rel}","templated":true}]}}