{"id":25241,"date":"2021-03-28T07:38:48","date_gmt":"2021-03-28T13:38:48","guid":{"rendered":"http:\/\/www.zonaroja.com.mx\/?p=25241"},"modified":"2021-03-28T07:38:52","modified_gmt":"2021-03-28T13:38:52","slug":"confirma-activista-de-morena-eleccion-de-candidatos-a-modo","status":"publish","type":"post","link":"https:\/\/zonaroja.com.mx\/?p=25241","title":{"rendered":"Confirma activista de Morena elecci\u00f3n de candidatos a modo"},"content":{"rendered":"\n<p>Redacci\u00f3n\/Zona Roja.<\/p>\n\n\n\n<p>Oaxaca de Ju\u00e1rez, Oax., 28 de marzo de 2021.- &nbsp;La activista pol\u00edtica Itayee Cruz Guevara, en un documento titulado \u201cEl origen del movimiento y sobre el proceso electoral interno de Morena\u201d expres\u00f3 que \u201cen los d\u00edas m\u00e1s bellos de nuestra historia reciente, miles de activistas salimos a las calles, a las colonias, a las comunidades con modestia, desinter\u00e9s, altruismo y solidaridad; salimos a luchar ondeando la bandera de no mentir jam\u00e1s, ni violar principios \u00e9ticos.<\/p>\n\n\n\n<p>\u201cSalimos y caminamos con la convicci\u00f3n profunda de transformar en unidad y luchar por nuestros sue\u00f1os de justicia y la haza\u00f1a lo logramos de la mano de Andr\u00e9s Manuel L\u00f3pez Obrador\u201d, expuso.<\/p>\n\n\n\n<p>Tras un breve recuento de las diferentes etapas de la historia de M\u00e9xico la tambi\u00e9n asesora de los pueblos Ikoots en el Istmo, expres\u00f3 su preocupaci\u00f3n que al partido le falte institucionalidad, ya que en este proceso interno de su partido, la batalla la dio contra un cacicazgo que impera al interior de Morena y no contra Irma Juan Carlos.<\/p>\n\n\n\n<p>Pues el triunfo de \u201cla ganadora\u201d se cocin\u00f3 en los lobbies de los hoteles de la Ciudad de M\u00e9xico y no en las comunidades de ese distrito; en ese sentido, expres\u00f3 que se sumaba \u201ca las voces que se\u00f1alan el hecho de no conocer una sola persona que haya sido encuestada\u201d en ese distrito electoral federal con cabecera en Teotitl\u00e1n de Flores Mag\u00f3n.<\/p>\n\n\n\n<p>Fundadora del Partido Morena y asesora comunitaria de la Mixteca expres\u00f3: \u201cen esta etapa de la historia no faltan los traidores y los oportunistas, los que solo tienen la convicci\u00f3n de \u00b4aportar al cambio\u00b4 desde la comodidad de una curul o de una silla presidencial municipal\u201d.<\/p>\n\n\n\n<p>Manifest\u00f3 que ellos \u201cusurpan los principios del movimiento, mienten, enga\u00f1an, utilizan y reducen a panfleto el peri\u00f3dico \u2018Regeneraci\u00f3n\u2019, usan espectaculares, \u00b4selfies\u00b4 con mucho filtro, saludando, abrazando, sonriendo, reeditando sin rubor las m\u00e1s burdas pr\u00e1cticas del viejo r\u00e9gimen. Olvidan el honor y la dignidad\u201d.<\/p>\n\n\n\n<p>As\u00ed mismo, expuso que recibi\u00f3 propuestas de otros partidos para aparecer con sus siglas en las elecciones del pr\u00f3ximo 6 de junio, pero recalc\u00f3 que a diferencia de muchos \u201cmi causa no son los cargos, mi principal causa son los pueblos y mi casa es Morena y en Morena me quedo\u201d.<\/p>\n\n\n\n<p>Agradeci\u00f3 a las organizaciones sociales, a las autoridades municipales y agrarias y a un sinf\u00edn de liderazgos comunitarios y regionales, hombres y mujeres de la Ca\u00f1ada, del valle Mixteco, la sierra Mazateca y Chinanteca,&nbsp; pues \u201cen este fruct\u00edfero andar ellos&nbsp; nos compartieron la mesa y sus esperanzas\u201d,&nbsp; que creyeron en ella y le dieron su palabra, su tiempo, su coraz\u00f3n y sus ense\u00f1anzas, y les convoc\u00f3 a cerrar filas y siga avanzando el proyecto de la cuarta transformaci\u00f3n y estas elecciones \u201cir por las diez de las diez federales\u201d.<\/p>\n\n\n\n<p>Itayee Cruz Guevara finalmente dijo que desde sus modestas trincheras, que son las comunidades, los barrios y las monta\u00f1as, seguir\u00e1 defendiendo al Presidente Andr\u00e9s Manuel L\u00f3pez Obrador y al movimiento de Regeneraci\u00f3n Nacional.<\/p>\n","protected":false},"excerpt":{"rendered":"<p>Redacci\u00f3n\/Zona Roja. Oaxaca de Ju\u00e1rez, Oax., 28 de marzo de 2021.- &nbsp;La activista pol\u00edtica Itayee&hellip;<\/p>\n","protected":false},"author":2,"featured_media":25242,"comment_status":"closed","ping_status":"open","sticky":false,"template":"","format":"standard","meta":{"_lmt_disableupdate":"","_lmt_disable":"","_jetpack_memberships_contains_paid_content":false,"footnotes":""},"categories":[109,47],"tags":[2555],"class_list":["post-25241","post","type-post","status-publish","format-standard","has-post-thumbnail","hentry","category-minuto-a-minuto","category-zona-gris","tag-itayee-cruz-guevara"],"jetpack_featured_media_url":"https:\/\/zonaroja.com.mx\/wp-content\/uploads\/2021\/03\/Itayee-Cruz.jpg","jetpack_sharing_enabled":true,"_links":{"self":[{"href":"https:\/\/zonaroja.com.mx\/index.php?rest_route=\/wp\/v2\/posts\/25241","targetHints":{"allow":["GET"]}}],"collection":[{"href":"https:\/\/zonaroja.com.mx\/index.php?rest_route=\/wp\/v2\/posts"}],"about":[{"href":"https:\/\/zonaroja.com.mx\/index.php?rest_route=\/wp\/v2\/types\/post"}],"author":[{"embeddable":true,"href":"https:\/\/zonaroja.com.mx\/index.php?rest_route=\/wp\/v2\/users\/2"}],"replies":[{"embeddable":true,"href":"https:\/\/zonaroja.com.mx\/index.php?rest_route=%2Fwp%2Fv2%2Fcomments&post=25241"}],"version-history":[{"count":1,"href":"https:\/\/zonaroja.com.mx\/index.php?rest_route=\/wp\/v2\/posts\/25241\/revisions"}],"predecessor-version":[{"id":25243,"href":"https:\/\/zonaroja.com.mx\/index.php?rest_route=\/wp\/v2\/posts\/25241\/revisions\/25243"}],"wp:featuredmedia":[{"embeddable":true,"href":"https:\/\/zonaroja.com.mx\/index.php?rest_route=\/wp\/v2\/media\/25242"}],"wp:attachment":[{"href":"https:\/\/zonaroja.com.mx\/index.php?rest_route=%2Fwp%2Fv2%2Fmedia&parent=25241"}],"wp:term":[{"taxonomy":"category","embeddable":true,"href":"https:\/\/zonaroja.com.mx\/index.php?rest_route=%2Fwp%2Fv2%2Fcategories&post=25241"},{"taxonomy":"post_tag","embeddable":true,"href":"https:\/\/zonaroja.com.mx\/index.php?rest_route=%2Fwp%2Fv2%2Ftags&post=25241"}],"curies":[{"name":"wp","href":"https:\/\/api.w.org\/{rel}","templated":true}]}}