{"id":25247,"date":"2021-03-28T07:58:34","date_gmt":"2021-03-28T13:58:34","guid":{"rendered":"http:\/\/www.zonaroja.com.mx\/?p=25247"},"modified":"2021-03-28T07:58:37","modified_gmt":"2021-03-28T13:58:37","slug":"accidente-de-avioneta-en-hermosillo-deja-al-menos-4-muertos","status":"publish","type":"post","link":"https:\/\/zonaroja.com.mx\/?p=25247","title":{"rendered":"Accidente de avioneta en Hermosillo deja al menos 4 muertos"},"content":{"rendered":"\n<p>Redacci\u00f3n\/Zona Roja Cdmx.<\/p>\n\n\n\n<p>Ciudad de M\u00e9xico, 28 de marzo de 2021.- El desplome de una avioneta en las inmediaciones de Hermosillo, Sonora, en las cercan\u00edas del hip\u00f3dromo, al poniente de la capital, dej\u00f3 un saldo de cuatro muertos y dos heridos.<\/p>\n\n\n\n<p>Al momento se sabe que la aeronave Sesma modelo 401 de 6 plazas despeg\u00f3 de Hermosillo con destino a Tucson, Arizona. En el lugar del accidente se impact\u00f3 con una torre de alta tensi\u00f3n de la Comisi\u00f3n Federal de Electricidad.<\/p>\n\n\n\n<p>Viajaban en la avioneta Jos\u00e9 El\u00edseo Ram\u00edrez Heredia, Leonardo Ciscomani Freaner, Roselia Freaner Figueroa, Raquel Tapia Miranda, Javier Laborin Azc\u00e1rraga y Ver\u00f3nica Tapia Miranda.<\/p>\n\n\n\n<p>Versiones preliminares apuntan a que los sobrevivientes son el capit\u00e1n Javier Laborin y Leonardo Ciscomani Freaner, quien es actual subsecretario de econom\u00eda del Gobierno del Sonora.<\/p>\n\n\n\n<p>El incidente ocurri\u00f3 alrededor del mediod\u00eda de este s\u00e1bado, a la altura del kil\u00f3metro 14 de la carretera que conduce a Bah\u00eda Kino, zona costera de la capital del estado.<\/p>\n\n\n\n<p>Al lugar del accidente acudieron elementos de Seguridad P\u00fablica y cuerpos de rescate. Los tripulantes sobrevivientes fueron trasladados al IMSS.<\/p>\n\n\n\n<p>Las autoridades informaron que el Centro Regulador de Urgencias M\u00e9dicas (CRUM) se encuentra coordinando la atenci\u00f3n y traslado de las personas lesionadas en el accidente a\u00e9reo ocurrido en la carretera Hermosillo-Poblado Miguel Alem\u00e1n.<\/p>\n\n\n\n<p>(Informaci\u00f3n de \u201cEl Financiero\u201d)<\/p>\n","protected":false},"excerpt":{"rendered":"<p>Redacci\u00f3n\/Zona Roja Cdmx. Ciudad de M\u00e9xico, 28 de marzo de 2021.- El desplome de una&hellip;<\/p>\n","protected":false},"author":2,"featured_media":25248,"comment_status":"closed","ping_status":"open","sticky":false,"template":"","format":"standard","meta":{"_lmt_disableupdate":"","_lmt_disable":"","_jetpack_memberships_contains_paid_content":false,"footnotes":""},"categories":[109,51],"tags":[2557],"class_list":["post-25247","post","type-post","status-publish","format-standard","has-post-thumbnail","hentry","category-minuto-a-minuto","category-zona-roja","tag-hermosillo-sonora"],"jetpack_featured_media_url":"https:\/\/zonaroja.com.mx\/wp-content\/uploads\/2021\/03\/Avioneta-Sonora.jpg","jetpack_sharing_enabled":true,"_links":{"self":[{"href":"https:\/\/zonaroja.com.mx\/index.php?rest_route=\/wp\/v2\/posts\/25247","targetHints":{"allow":["GET"]}}],"collection":[{"href":"https:\/\/zonaroja.com.mx\/index.php?rest_route=\/wp\/v2\/posts"}],"about":[{"href":"https:\/\/zonaroja.com.mx\/index.php?rest_route=\/wp\/v2\/types\/post"}],"author":[{"embeddable":true,"href":"https:\/\/zonaroja.com.mx\/index.php?rest_route=\/wp\/v2\/users\/2"}],"replies":[{"embeddable":true,"href":"https:\/\/zonaroja.com.mx\/index.php?rest_route=%2Fwp%2Fv2%2Fcomments&post=25247"}],"version-history":[{"count":1,"href":"https:\/\/zonaroja.com.mx\/index.php?rest_route=\/wp\/v2\/posts\/25247\/revisions"}],"predecessor-version":[{"id":25249,"href":"https:\/\/zonaroja.com.mx\/index.php?rest_route=\/wp\/v2\/posts\/25247\/revisions\/25249"}],"wp:featuredmedia":[{"embeddable":true,"href":"https:\/\/zonaroja.com.mx\/index.php?rest_route=\/wp\/v2\/media\/25248"}],"wp:attachment":[{"href":"https:\/\/zonaroja.com.mx\/index.php?rest_route=%2Fwp%2Fv2%2Fmedia&parent=25247"}],"wp:term":[{"taxonomy":"category","embeddable":true,"href":"https:\/\/zonaroja.com.mx\/index.php?rest_route=%2Fwp%2Fv2%2Fcategories&post=25247"},{"taxonomy":"post_tag","embeddable":true,"href":"https:\/\/zonaroja.com.mx\/index.php?rest_route=%2Fwp%2Fv2%2Ftags&post=25247"}],"curies":[{"name":"wp","href":"https:\/\/api.w.org\/{rel}","templated":true}]}}