{"id":25250,"date":"2021-03-28T08:04:31","date_gmt":"2021-03-28T14:04:31","guid":{"rendered":"http:\/\/www.zonaroja.com.mx\/?p=25250"},"modified":"2021-03-28T18:06:57","modified_gmt":"2021-03-29T00:06:57","slug":"agreden-a-un-policia-vial-por-intentar-sancionar-a-automovilistas","status":"publish","type":"post","link":"https:\/\/zonaroja.com.mx\/?p=25250","title":{"rendered":"Agreden a un Polic\u00eda Vial por intentar sancionar a automovilistas"},"content":{"rendered":"\n<p>Redacci\u00f3n\/Zona Roja.<\/p>\n\n\n\n<p>Oaxaca de Ju\u00e1rez, Oax., 28 de marzo de 2021.- Un elemento de la Polic\u00eda Vial fue agredido por dos ocupantes de un veh\u00edculo, cuando el uniformado pretend\u00eda infraccionar a los automovilistas por estacionarse en doble fila.<\/p>\n\n\n\n<p>El hecho ocurri\u00f3 este s\u00e1bado al mediod\u00eda en la calle Dr. Pardo, entre Bustamante y Armenta y L\u00f3pez, cuando el uniformado Diego O., del agrupamiento \u201cGuupa Yoo\u201d transitaba a bordo de su bicicleta y vio a los infractores en un veh\u00edculo rojo, sin placas de circulaci\u00f3n.<\/p>\n\n\n\n<p>Pero una persona que estaba dentro del veh\u00edculo descendi\u00f3 para agredir al uniformado y lo mismo realiz\u00f3 el conductor.<\/p>\n\n\n\n<p>Personas que se encontraban en la zona grabaron el hecho y apoyaron al Polic\u00eda Vial, lo cual origin\u00f3 que los presuntos responsables decidieron encerrarse en su unidad de motor.<\/p>\n\n\n\n<p>Con el apoyo de otros polic\u00edas, los presuntos responsables, Giovanny C.J.P. y E.J.R., fueron arrestados y quedaron a disposici\u00f3n del agente del Ministerio P\u00fablico para que se determina su situaci\u00f3n jur\u00eddica.<\/p>\n\n\n\n<p>El Polic\u00eda Vial fue atendido por personal param\u00e9dico de la Cruz Roja debido a la lesi\u00f3n que sufri\u00f3 en el p\u00f3mulo, en tanto la unidad de motor fue enviada al encierro al carecer de placas de circulaci\u00f3n.<\/p>\n","protected":false},"excerpt":{"rendered":"<p>Redacci\u00f3n\/Zona Roja. Oaxaca de Ju\u00e1rez, Oax., 28 de marzo de 2021.- Un elemento de la&hellip;<\/p>\n","protected":false},"author":2,"featured_media":25265,"comment_status":"closed","ping_status":"open","sticky":false,"template":"","format":"standard","meta":{"_lmt_disableupdate":"","_lmt_disable":"","_jetpack_memberships_contains_paid_content":false,"footnotes":""},"categories":[109,47],"tags":[1267],"class_list":["post-25250","post","type-post","status-publish","format-standard","has-post-thumbnail","hentry","category-minuto-a-minuto","category-zona-gris","tag-policia-vial-estatal-de-oaxaca"],"jetpack_featured_media_url":"https:\/\/zonaroja.com.mx\/wp-content\/uploads\/2021\/03\/Agresion-a-policia-vial.jpg","jetpack_sharing_enabled":true,"_links":{"self":[{"href":"https:\/\/zonaroja.com.mx\/index.php?rest_route=\/wp\/v2\/posts\/25250","targetHints":{"allow":["GET"]}}],"collection":[{"href":"https:\/\/zonaroja.com.mx\/index.php?rest_route=\/wp\/v2\/posts"}],"about":[{"href":"https:\/\/zonaroja.com.mx\/index.php?rest_route=\/wp\/v2\/types\/post"}],"author":[{"embeddable":true,"href":"https:\/\/zonaroja.com.mx\/index.php?rest_route=\/wp\/v2\/users\/2"}],"replies":[{"embeddable":true,"href":"https:\/\/zonaroja.com.mx\/index.php?rest_route=%2Fwp%2Fv2%2Fcomments&post=25250"}],"version-history":[{"count":1,"href":"https:\/\/zonaroja.com.mx\/index.php?rest_route=\/wp\/v2\/posts\/25250\/revisions"}],"predecessor-version":[{"id":25252,"href":"https:\/\/zonaroja.com.mx\/index.php?rest_route=\/wp\/v2\/posts\/25250\/revisions\/25252"}],"wp:featuredmedia":[{"embeddable":true,"href":"https:\/\/zonaroja.com.mx\/index.php?rest_route=\/wp\/v2\/media\/25265"}],"wp:attachment":[{"href":"https:\/\/zonaroja.com.mx\/index.php?rest_route=%2Fwp%2Fv2%2Fmedia&parent=25250"}],"wp:term":[{"taxonomy":"category","embeddable":true,"href":"https:\/\/zonaroja.com.mx\/index.php?rest_route=%2Fwp%2Fv2%2Fcategories&post=25250"},{"taxonomy":"post_tag","embeddable":true,"href":"https:\/\/zonaroja.com.mx\/index.php?rest_route=%2Fwp%2Fv2%2Ftags&post=25250"}],"curies":[{"name":"wp","href":"https:\/\/api.w.org\/{rel}","templated":true}]}}