{"id":25254,"date":"2021-03-28T13:18:48","date_gmt":"2021-03-28T19:18:48","guid":{"rendered":"https:\/\/www.zonaroja.com.mx\/?p=25254"},"modified":"2021-03-28T13:18:51","modified_gmt":"2021-03-28T19:18:51","slug":"matan-con-violencia-a-otra-mujer-en-oaxaca-fue-en-jicayan","status":"publish","type":"post","link":"https:\/\/zonaroja.com.mx\/?p=25254","title":{"rendered":"Matan con violencia a otra mujer en Oaxaca; fue en Jicay\u00e1n"},"content":{"rendered":"\n<p>Ismael Garc\u00eda M.\/Zona Roja.<\/p>\n\n\n\n<p>Oaxaca de Ju\u00e1rez, Oax., 28 de marzo de 2021.- Con extrema violencia, una mujer ind\u00edgena fue asesinada en San Pedro Jicay\u00e1n, municipio de la regi\u00f3n Costa de Oaxaca. <\/p>\n\n\n\n<p>En Putla Villa de Guerrero, dos femeninas fueron atacadas a balazos y trasladadas graves a un hospital. <\/p>\n\n\n\n<p>La madrugada de hoy fue localizado el cuerpo de la femenina E. M. G., de aproximadamente 42 a\u00f1os de edad, que presentaba disparos de arma de fuego y huellas de tortura y de calcinamiento. <\/p>\n\n\n\n<p>De acuerdo con los primeros reportes, la mujer acud\u00eda a un predio en inmediaciones del Barrio Grande de Jicay\u00e1n.  <\/p>\n\n\n\n<p>Presuntamente primero fue agredida a balazos, luego con arma blanca y posteriormente le prendieron fuego, a fin de borrar huellas. <\/p>\n\n\n\n<p>Hasta el momento no hay ninguna pista de los agresores. La Vicefiscal\u00eda Regional de la Costa inici\u00f3 las negociaciones bajo protocolos de feminicidio. <\/p>\n\n\n\n<p>Por otra parte, anoche en la calle Puebla a un costado de la taquer\u00edas \u201cDon Chico\u201d, cerca de la comandancia municipal de Putla Villa de Guerrero, dos mujeres fueron agredidas por disparos de arma de fuego. <\/p>\n\n\n\n<p>Fueron trasladadas al hospital de 30 Camas, donde las reportan este d\u00eda delicadas de salud. <\/p>\n\n\n\n<p>Mientras la ma\u00f1ana de este domingo en la playa principal de Puerto \u00c1ngel, municipio de San Pedro Pochutla, un individuo fue asesinado a balazos. <\/p>\n\n\n\n<p>La v\u00edctima fue identificada como Luis S\u00e1nchez Del Valle, de 36 a\u00f1os de edad, y a\u00fan no hay pistas del o de los agresores. <\/p>\n","protected":false},"excerpt":{"rendered":"<p>Ismael Garc\u00eda M.\/Zona Roja. Oaxaca de Ju\u00e1rez, Oax., 28 de marzo de 2021.- Con extrema&hellip;<\/p>\n","protected":false},"author":2,"featured_media":25253,"comment_status":"closed","ping_status":"open","sticky":false,"template":"","format":"standard","meta":{"_lmt_disableupdate":"","_lmt_disable":"","_jetpack_memberships_contains_paid_content":false,"footnotes":""},"categories":[109,51],"tags":[2558],"class_list":["post-25254","post","type-post","status-publish","format-standard","has-post-thumbnail","hentry","category-minuto-a-minuto","category-zona-roja","tag-san-pedro-jicayan"],"jetpack_featured_media_url":"https:\/\/zonaroja.com.mx\/wp-content\/uploads\/2021\/03\/img_8216.jpg","jetpack_sharing_enabled":true,"_links":{"self":[{"href":"https:\/\/zonaroja.com.mx\/index.php?rest_route=\/wp\/v2\/posts\/25254","targetHints":{"allow":["GET"]}}],"collection":[{"href":"https:\/\/zonaroja.com.mx\/index.php?rest_route=\/wp\/v2\/posts"}],"about":[{"href":"https:\/\/zonaroja.com.mx\/index.php?rest_route=\/wp\/v2\/types\/post"}],"author":[{"embeddable":true,"href":"https:\/\/zonaroja.com.mx\/index.php?rest_route=\/wp\/v2\/users\/2"}],"replies":[{"embeddable":true,"href":"https:\/\/zonaroja.com.mx\/index.php?rest_route=%2Fwp%2Fv2%2Fcomments&post=25254"}],"version-history":[{"count":1,"href":"https:\/\/zonaroja.com.mx\/index.php?rest_route=\/wp\/v2\/posts\/25254\/revisions"}],"predecessor-version":[{"id":25255,"href":"https:\/\/zonaroja.com.mx\/index.php?rest_route=\/wp\/v2\/posts\/25254\/revisions\/25255"}],"wp:featuredmedia":[{"embeddable":true,"href":"https:\/\/zonaroja.com.mx\/index.php?rest_route=\/wp\/v2\/media\/25253"}],"wp:attachment":[{"href":"https:\/\/zonaroja.com.mx\/index.php?rest_route=%2Fwp%2Fv2%2Fmedia&parent=25254"}],"wp:term":[{"taxonomy":"category","embeddable":true,"href":"https:\/\/zonaroja.com.mx\/index.php?rest_route=%2Fwp%2Fv2%2Fcategories&post=25254"},{"taxonomy":"post_tag","embeddable":true,"href":"https:\/\/zonaroja.com.mx\/index.php?rest_route=%2Fwp%2Fv2%2Ftags&post=25254"}],"curies":[{"name":"wp","href":"https:\/\/api.w.org\/{rel}","templated":true}]}}