{"id":25270,"date":"2021-03-28T21:41:13","date_gmt":"2021-03-29T03:41:13","guid":{"rendered":"http:\/\/www.zonaroja.com.mx\/?p=25270"},"modified":"2021-03-28T21:41:17","modified_gmt":"2021-03-29T03:41:17","slug":"colectivo-de-familiares-de-desaparecidos-acusan-negligencia-del-gobierno-de-murat","status":"publish","type":"post","link":"https:\/\/zonaroja.com.mx\/?p=25270","title":{"rendered":"Colectivo de familiares de desaparecidos acusan negligencia del gobierno de Murat"},"content":{"rendered":"\n<p>Ismael Garc\u00eda M.\/Zona Roja.<\/p>\n\n\n\n<p>Oaxaca de Ju\u00e1rez, Oax., 28 de marzo de 2021.- Desde hace cuatro a\u00f1os y medio, Ricardo busca a su hermano Jos\u00e9 Alberto Mart\u00ednez Santiago, quien desapareci\u00f3 en la colonia Antiguo Aeropuerto de Santa Luc\u00eda del Camino.<\/p>\n\n\n\n<p>Pero nadie sabe nada; por esfuerzos propios y ahora con la ayuda de familiares de otras v\u00edctimas, realiza rastreos de quien fue visto por \u00faltima vez el 15 de octubre de 2016.<\/p>\n\n\n\n<p>Como \u00e9ste, son m\u00e1s de 500 personas desaparecidas en el estado, sin embargo, pese a ello, los esfuerzos de la Fiscal\u00eda General del Estado y dem\u00e1s autoridades de Oaxaca, encabezadas por Alejandro Murat, han sido m\u00ednimos.<\/p>\n\n\n\n<p>\u201cNunca nos pudo recibir el anterior secretario de Gobierno, Mafud (H\u00e9ctor), nunca nos recibi\u00f3\u201d, expone Ricardo Mart\u00ednez.<\/p>\n\n\n\n<p>La misma queja tiene don Francisco Gonz\u00e1lez D\u00edaz, representante del colectivo \u201cOaxaque\u00f1os unidos exigiendo justicia\u201d, cuyos integrantes efectuaron este domingo una protesta pac\u00edfica en el z\u00f3calo de la capital oaxaque\u00f1a.<\/p>\n\n\n\n<p>Detalla que Oaxaca es el \u00fanico estado que no tiene la Comisi\u00f3n Ejecutiva de Desaparici\u00f3n de Personas y la Comisi\u00f3n de B\u00fasqueda, ya mandatadas por ley aprobada en el Congreso del Estado desde el a\u00f1o pasado.<\/p>\n\n\n\n<figure class=\"wp-block-embed-twitter wp-block-embed is-type-rich is-provider-twitter\"><div class=\"wp-block-embed__wrapper\">\n<div class=\"twitter-tweet\"><blockquote class=\"twitter-tweet\" data-lang=\"es\"><p lang=\"es\" dir=\"ltr\"><a href=\"https:\/\/twitter.com\/hashtag\/ENVIVO?src=hash&amp;ref_src=twsrc%5Etfw\">#ENVIVO<\/a><br>Oaxaca de Ju\u00e1rez, Oax.. 28 de marzo de 2021.- Protesta de familiares de personas desaparecidas en el estado de <a href=\"https:\/\/twitter.com\/hashtag\/Oaxaca?src=hash&amp;ref_src=twsrc%5Etfw\">#Oaxaca<\/a>, por nula atenci\u00f3n de las autoridades, seg\u00fan denuncian.<br><br>Siga la transmisi\u00f3n:<br>\ud83d\udc47<a href=\"https:\/\/t.co\/CSwtv8FeWd\">https:\/\/t.co\/CSwtv8FeWd<\/a> <a href=\"https:\/\/t.co\/b3Cpb3Tofp\">pic.twitter.com\/b3Cpb3Tofp<\/a><\/p>&mdash; Zona Roja Oaxaca (@Zona_Roja_Oax) <a href=\"https:\/\/twitter.com\/Zona_Roja_Oax\/status\/1376239566001106945?ref_src=twsrc%5Etfw\">28 de marzo de 2021<\/a><\/blockquote><\/div>\n<\/div><\/figure>\n\n\n\n<p>\u201cEl gobernador no ha respondido a nuestras peticiones; hace tres a\u00f1os hicimos una solicitud para audiencia y a esta fecha no ha habido respuesta positivo.<\/p>\n\n\n\n<p>\u201cDel nuevo fiscal (Arturo Peimbert Calvo), es la misma persona, nada m\u00e1s cambian de puesto, en realidad la persona que est\u00e1 ahora como fiscal, fue de la Defensor\u00eda de los Derechos Humanos pero en vez de defender los derechos, lo \u00fanico que hacen es recibir documentos\u201d, expone a ZONA ROJA.<\/p>\n\n\n\n<p>Lamenta que a la fecha no haya ninguna respuesta del Estado y que el anterior fiscal, Rub\u00e9n Vasconcelos M\u00e9ndez, jam\u00e1s los haya recibido en audiencia, mucho menos el gobernador.<\/p>\n\n\n\n<p>A inicios de la semana pasada fueron recibidos por un representante de la oficina del gobernador, Juan Enrique Lira, quien les prometi\u00f3 una respuesta en un lapso de cuatro d\u00edas, pero se olvid\u00f3 de ellos.<\/p>\n\n\n\n<p>\u201cApenas vamos a pedir audiencia con el nuevo fiscal, pero tal parece que a los desaparecidos no les dan importancia, hemos estado pidiendo audiencia, pero Vasconcelos nunca nos recibi\u00f3 en sus oficinas, esperemos que el nuevo nos reciba\u201d, expone.<\/p>\n","protected":false},"excerpt":{"rendered":"<p>Ismael Garc\u00eda M.\/Zona Roja. Oaxaca de Ju\u00e1rez, Oax., 28 de marzo de 2021.- Desde hace&hellip;<\/p>\n","protected":false},"author":2,"featured_media":25271,"comment_status":"closed","ping_status":"open","sticky":false,"template":"","format":"standard","meta":{"_lmt_disableupdate":"","_lmt_disable":"","_jetpack_memberships_contains_paid_content":false,"footnotes":""},"categories":[109,47],"tags":[1221],"class_list":["post-25270","post","type-post","status-publish","format-standard","has-post-thumbnail","hentry","category-minuto-a-minuto","category-zona-gris","tag-colectivo-oaxaqueno-unidos-exigiendo-justicia"],"jetpack_featured_media_url":"https:\/\/zonaroja.com.mx\/wp-content\/uploads\/2021\/03\/Protesta-colectivos-desaparecidos.jpg","jetpack_sharing_enabled":true,"_links":{"self":[{"href":"https:\/\/zonaroja.com.mx\/index.php?rest_route=\/wp\/v2\/posts\/25270","targetHints":{"allow":["GET"]}}],"collection":[{"href":"https:\/\/zonaroja.com.mx\/index.php?rest_route=\/wp\/v2\/posts"}],"about":[{"href":"https:\/\/zonaroja.com.mx\/index.php?rest_route=\/wp\/v2\/types\/post"}],"author":[{"embeddable":true,"href":"https:\/\/zonaroja.com.mx\/index.php?rest_route=\/wp\/v2\/users\/2"}],"replies":[{"embeddable":true,"href":"https:\/\/zonaroja.com.mx\/index.php?rest_route=%2Fwp%2Fv2%2Fcomments&post=25270"}],"version-history":[{"count":1,"href":"https:\/\/zonaroja.com.mx\/index.php?rest_route=\/wp\/v2\/posts\/25270\/revisions"}],"predecessor-version":[{"id":25272,"href":"https:\/\/zonaroja.com.mx\/index.php?rest_route=\/wp\/v2\/posts\/25270\/revisions\/25272"}],"wp:featuredmedia":[{"embeddable":true,"href":"https:\/\/zonaroja.com.mx\/index.php?rest_route=\/wp\/v2\/media\/25271"}],"wp:attachment":[{"href":"https:\/\/zonaroja.com.mx\/index.php?rest_route=%2Fwp%2Fv2%2Fmedia&parent=25270"}],"wp:term":[{"taxonomy":"category","embeddable":true,"href":"https:\/\/zonaroja.com.mx\/index.php?rest_route=%2Fwp%2Fv2%2Fcategories&post=25270"},{"taxonomy":"post_tag","embeddable":true,"href":"https:\/\/zonaroja.com.mx\/index.php?rest_route=%2Fwp%2Fv2%2Ftags&post=25270"}],"curies":[{"name":"wp","href":"https:\/\/api.w.org\/{rel}","templated":true}]}}