{"id":25274,"date":"2021-03-29T08:00:19","date_gmt":"2021-03-29T14:00:19","guid":{"rendered":"http:\/\/www.zonaroja.com.mx\/?p=25274"},"modified":"2021-03-29T08:00:24","modified_gmt":"2021-03-29T14:00:24","slug":"morena-y-mas-de-lo-mismo-dedazos-al-estilo-priista","status":"publish","type":"post","link":"https:\/\/zonaroja.com.mx\/?p=25274","title":{"rendered":"Morena y m\u00e1s de lo mismo: \u201cdedazos\u201d al estilo priista"},"content":{"rendered":"\n<p>Ismael Garc\u00eda M.\/Zona Roja.<\/p>\n\n\n\n<p>Oaxaca de Ju\u00e1rez, Oax., 29 de marzo de 2021.- Bast\u00f3 poco m\u00e1s de un lustro para que el Movimiento de Regeneraci\u00f3n Nacional confirmara su g\u00e9nesis en Oaxaca (y en M\u00e9xico): las rancias pr\u00e1cticas priistas del \u201cdedazo\u201d, la venta de candidaturas, el menosprecio por los aut\u00e9nticos militantes, las imposiciones, la violencia\u2026<\/p>\n\n\n\n<p>Y a ello se suma la necedad de Salom\u00f3n Jara Cruz por querer ser candidato a gobernador (por segunda vez), pese a los designios presidenciales contrarios y al creciente rechazo incluso de los propios militantes del partido.<\/p>\n\n\n\n<p>S\u00ed. El proceso electoral 2020-2021 y el parto de los montes que fue la elecci\u00f3n de candidatos y candidatas a puestos de elecci\u00f3n popular, diputaciones locales y federales, as\u00ed como presidencias municipales, fue el acab\u00f3se.<\/p>\n\n\n\n<p>Inconformidades, protestas y vandalismo en las oficinas del Morena en la capital del estado por imposici\u00f3n de candidatos, hasta denuncias de colectivos femeninos por un aspirante acusados de violencia contra las mujeres enmarcaron las designaciones.<\/p>\n\n\n\n<p>\u00bfPero qu\u00e9 se puede esperar de un partido al que la lucha de izquierda le dur\u00f3 unos minutos para convertirse en grupos caciquiles, negocio de unos cuantos y con los fines monetarios  como prioridad?<\/p>\n\n\n\n<p>\u00bfQu\u00e9 se puede esperar de Morena si se ha nutrido (y lo sigue haciendo) de supuestos liderazgos que ya fueron rechazados de otros partidos o de priistas disfrazados de izquierdistas o de perredistas marrulleros?<\/p>\n\n\n\n<p>Casi un mes antes de iniciar los procesos de supuestas encuestas, salt\u00f3 a la vista la primera protesta para evitar imposiciones.<\/p>\n\n\n\n<p>El 19 de febrero pasado, durante la visita del presidente nacional de Morena, Mario Delgado, a la capital oaxaque\u00f1a, habitantes del municipio de Santa Cruz Xoxocotl\u00e1n manifestaron su rechazo a las aspiraciones el edil actual emanado del PRD, Alejandro Jarqu\u00edn, en que le sucediera su esposa inscrita para el proceso por Morena.<\/p>\n\n\n\n<p>Lo cual fue confirmado la noche del domingo, en que decidieron por \u201cdedazo\u201d, la imposici\u00f3n de Tania L\u00f3pez L\u00f3pez, esposa del actual edil de, surgido del PRD y que, de ganar la contienda el 6 de junio, sumar\u00eda ocho a\u00f1os de gobierno matrimonial.<\/p>\n\n\n\n<p>PROTESTAS POR DOQUIER<\/p>\n\n\n\n<p>En marzo, la violencia tambi\u00e9n alcanz\u00f3 a los aspirantes de Morena. El d\u00eda 13 la precandidata a la presidencia municipal de Zimatl\u00e1n de \u00c1lvarez. Aime\u00e9 Rodr\u00edguez V\u00e1squez, sufri\u00f3 de un ataque armado contra su domicilio; hechos por lo que la Fiscal\u00eda General del Estado de Oaxaca abri\u00f3 una Carpeta de Investigaci\u00f3n.<\/p>\n\n\n\n<p>Conforme se acercaba la fecha l\u00edmite para las inscripciones de candidatos ante el IEEPCO, los \u00e1nimos se calentaron por parte de algunos precandidatos que llegaron con sus simpatizantes a manifestarse a la casa de Morena.<\/p>\n\n\n\n<p>Primero, los principios de Morena se pusieron sobre la mesa ante las aspiraciones de Humberto Santos a la candidatura para diputado por el distrito local X Mixe-Cho\u00e1pam, quien es se\u00f1alado como responsable de la creaci\u00f3n de un chat para difundir im\u00e1genes pornogr\u00e1ficas de mujeres ind\u00edgenas de la Sierra Norte.<\/p>\n\n\n\n<p>Luego, el pasado 18 de marzo militantes de Morena, del municipio de Santiago Juxtlahuaca, encabezados por Francisco Silvino Bersa\u00edn Rivera, aspirante a la candidatura a la presidencia municipal, protestaron en la sede del partido en rechazo al registro de Arsenio Mej\u00eda Garc\u00eda como aspirante a la candidatura, pues es un pol\u00edtico que ha sido diputado por el PRI y actualmente es legislador por el Partido Encuentro Social.<\/p>\n\n\n\n<p>Para colmo, al actual edil de Juxtlahuaca, acusado de diversos hechos violentos e incluso delictivos, lo integraron como candidato a diputado local.<\/p>\n\n\n\n<p>Al d\u00eda siguiente, continuaron las inconformidades, ahora por parte de C\u00e9sar Ch\u00e1vez Garc\u00eda, aspirante a la presidencia municipal de la Villa de Zaachila,&nbsp;se manifest\u00f3 que el partido no explic\u00f3 el m\u00e9todo de selecci\u00f3n, pues de las encuestas no sab\u00edan nada.<\/p>\n\n\n\n<p>TRANSFORMACI\u00d3N DE QUINTA<\/p>\n\n\n\n<p>Las molestias se acentuaron con la filtraci\u00f3n de supuestas listas de candidatos elegidos, bajo la imposici\u00f3n de la dirigencia nacional y estatal, en la que se\u00f1alaban la \u201cmano negra\u201d de Salom\u00f3n Jara y del delegado nacional \u00d3scar Cant\u00f3n Zetina.<\/p>\n\n\n\n<p>A las protestas se sumaron simpatizantes de Putla Villa de Guerrero, quienes se\u00f1alaron que Morena es un fracaso en ese municipio.<\/p>\n\n\n\n<p>Finalmente, ante las primeras designaciones reveladas de candidatos a presidencias municipales, a\u00fan sin resultados transparentes por parte de Morena sobre las supuestas encuestas, la madrugada del 26 de marzo las oficinas del Partido Morena en la capital, hasta donde horas antes continuaron las manifestaciones, fueron vandalizadas.<\/p>\n\n\n\n<p>Ni cuarta ni quinta ni ninguna transformaci\u00f3n; mucho menos la vigencia del apotegma lopezobradorista de \u201cNo robar, no mentir y no traicionar al pueblo\u201d.<\/p>\n\n\n\n<p>Tras el registro de aspirantes a cargos de elecci\u00f3n popular la noche del domingo, se desataron m\u00e1s inconformidades y vendr\u00e1n m\u00e1s desbandadas.<\/p>\n\n\n\n<p>Tibia, la diputada Migdalia Espinosa dijo \u201cdisciplinarse\u201d por no ir a la reelecci\u00f3n en la diputaci\u00f3n; en su lugar, Salom\u00f3n Jara opt\u00f3 por Rosalinda L\u00f3pez, quien aparece en fotograf\u00edas con armas de fuego.<\/p>\n\n\n\n<p>Itayee Guevara, una activista de hace varios a\u00f1os en la Mixteca y Ca\u00f1ada, hizo p\u00fablica su inconformidad por la designaci\u00f3n de Irma Juan Carlos, que repetir\u00e1 en la diputaci\u00f3n federal.<\/p>\n\n\n\n<p>Jara tambi\u00e9n, en aras de lograr m\u00e1s poder, coloc\u00f3 a su nuera Tania Caballero \u2013a\u00fan regidora del ayuntamiento capitalino&#8211; como candidata a diputada por Nochixtl\u00e1n.<\/p>\n\n\n\n<p>Inexplicable la determinaci\u00f3n de no impulsar la reelecci\u00f3n de Magaly L\u00f3pez Dom\u00ednguez para la diputaci\u00f3n local\u00a0y en lugar de ello, va una candidata perdedora Nancy Ben\u00edtez.<\/p>\n\n\n\n<p>Del caso de Xoxocotl\u00e1n, \u201ces evidente que el resultado de la encuesta la ganamos por amplio margen, por ello el miedo a transparentar los resultados. Es muy lamentable que quienes a toda costa pretendan heredad el poder y con ello la imposici\u00f3n de candidata, consumando la traici\u00f3n a la democracia y al pueblo\u201d escribi\u00f3 la noche del domingo Toribio L\u00f3pez S\u00e1nchez.<\/p>\n\n\n\n<p>Los casos se multiplican por donde sea y otro caso es el de Santa Luc\u00eda del Camino, donde Jara opt\u00f3 por Juan Carlos Garc\u00eda M\u00e1rquez, s\u00f3lo porque ofreci\u00f3 varios millones de pesos, para que se olvidara el peque\u00f1o detalle que es originario del Estado de M\u00e9xico.<\/p>\n\n\n\n<p>Hilda P\u00e9rez Luis opt\u00f3 por dejar el partido, como lo hecho varios m\u00e1s, y acept\u00f3 la candidatura por el PT-PVEM para buscar la presidencia municipal; en la capital de Oaxaca, lanzan a Francisco Mart\u00ednez Neri para facilitar m\u00e1s al priista Javier Villaca\u00f1a el triunfo.<\/p>\n\n\n\n<p>Todo un desgarriate en que la militancia concluye que el autor es el senador y aspirante otra vez a la gubernatura\u2026 y que no duda en colocar piezas tambi\u00e9n en otros partidos pol\u00edticos.<\/p>\n\n\n\n<p>Sin aceptar en absoluto una realidad: Susana Harp tiene a sus operadores m\u00e1s formales y menos se\u00f1alados ya trabajando para su propio futuro pol\u00edtico.&nbsp;<\/p>\n","protected":false},"excerpt":{"rendered":"<p>Ismael Garc\u00eda M.\/Zona Roja. Oaxaca de Ju\u00e1rez, Oax., 29 de marzo de 2021.- Bast\u00f3 poco&hellip;<\/p>\n","protected":false},"author":2,"featured_media":7610,"comment_status":"closed","ping_status":"open","sticky":false,"template":"","format":"standard","meta":{"_lmt_disableupdate":"","_lmt_disable":"","_jetpack_memberships_contains_paid_content":false,"footnotes":""},"categories":[456,109,48],"tags":[1353],"class_list":["post-25274","post","type-post","status-publish","format-standard","has-post-thumbnail","hentry","category-columna","category-minuto-a-minuto","category-zona-critica","tag-opinion-zona-critica"],"jetpack_featured_media_url":"https:\/\/zonaroja.com.mx\/wp-content\/uploads\/2020\/01\/Opini\u00f3n-Zona-Cr\u00edtica.jpg","jetpack_sharing_enabled":true,"_links":{"self":[{"href":"https:\/\/zonaroja.com.mx\/index.php?rest_route=\/wp\/v2\/posts\/25274","targetHints":{"allow":["GET"]}}],"collection":[{"href":"https:\/\/zonaroja.com.mx\/index.php?rest_route=\/wp\/v2\/posts"}],"about":[{"href":"https:\/\/zonaroja.com.mx\/index.php?rest_route=\/wp\/v2\/types\/post"}],"author":[{"embeddable":true,"href":"https:\/\/zonaroja.com.mx\/index.php?rest_route=\/wp\/v2\/users\/2"}],"replies":[{"embeddable":true,"href":"https:\/\/zonaroja.com.mx\/index.php?rest_route=%2Fwp%2Fv2%2Fcomments&post=25274"}],"version-history":[{"count":1,"href":"https:\/\/zonaroja.com.mx\/index.php?rest_route=\/wp\/v2\/posts\/25274\/revisions"}],"predecessor-version":[{"id":25275,"href":"https:\/\/zonaroja.com.mx\/index.php?rest_route=\/wp\/v2\/posts\/25274\/revisions\/25275"}],"wp:featuredmedia":[{"embeddable":true,"href":"https:\/\/zonaroja.com.mx\/index.php?rest_route=\/wp\/v2\/media\/7610"}],"wp:attachment":[{"href":"https:\/\/zonaroja.com.mx\/index.php?rest_route=%2Fwp%2Fv2%2Fmedia&parent=25274"}],"wp:term":[{"taxonomy":"category","embeddable":true,"href":"https:\/\/zonaroja.com.mx\/index.php?rest_route=%2Fwp%2Fv2%2Fcategories&post=25274"},{"taxonomy":"post_tag","embeddable":true,"href":"https:\/\/zonaroja.com.mx\/index.php?rest_route=%2Fwp%2Fv2%2Ftags&post=25274"}],"curies":[{"name":"wp","href":"https:\/\/api.w.org\/{rel}","templated":true}]}}