{"id":25276,"date":"2021-03-29T08:06:19","date_gmt":"2021-03-29T14:06:19","guid":{"rendered":"http:\/\/www.zonaroja.com.mx\/?p=25276"},"modified":"2021-03-29T12:57:24","modified_gmt":"2021-03-29T18:57:24","slug":"y-planton-en-los-sso-cumple-tres-semanas-sin-ser-atendido","status":"publish","type":"post","link":"https:\/\/zonaroja.com.mx\/?p=25276","title":{"rendered":"Y \u00abplant\u00f3n\u00bb en los SSO cumple tres semanas sin ser atendido&#8230;"},"content":{"rendered":"\n<p class=\"MsoNormal\">Evlin Arag\u00f3n\/Zona Roja. <\/p>\n\n\n\n<p class=\"MsoNormal\">Oaxaca, Oax., 29 de marzo de 2021.- M\u00e1s de 20 d\u00edas han pasado desde que personal del Sindicato Independiente de Trabajadores del Sector Salud (SITSS) se instal\u00f3 a las afueras de las oficinas centrales de los Servicios de Salud de Oaxaca (SSO), en b\u00fasqueda de una audiencia con su titular, Juan Carlos M\u00e1rquez Heine, para la atenci\u00f3n a sus demandas. <\/p>\n\n\n\n<p class=\"MsoNormal\">Pese a las reuniones entabladas, no hay nada concreto. Solo la promesa de ser atendidos, promesa que mantiene activa su movilizaci\u00f3n hasta lograr la ansiada recontrataci\u00f3n del personal adscrito al hoy extinto Seguro Popular.&nbsp;&nbsp;<\/p>\n\n\n\n<p class=\"MsoNormal\">De acuerdo con Mar\u00eda del Carmen Noriega, representante sindical, existe incluso un compromiso del propio gobernador de Oaxaca, Alejandro Murat Hinojosa, de intervenir para que puedan ser recontratados por el Isabi, lo anterior debido a que el tema est\u00e1 en cancha de la Federal, pero no exime al gobierno local.  <\/p>\n\n\n\n<p class=\"MsoNormal\">\u201cHemos tenido pl\u00e1ticas, estamos en eso. El gobernador asegur\u00f3 que est\u00e1 trazando una ruta para poder trabajar de manera conjunta en el Insabi, y es que la problem\u00e1tica rebasa al Estado, sin embargo, si hay responsabilidad en torno al despido\u201d, dijo.  <\/p>\n\n\n\n<p class=\"MsoNormal\">Mientras que personal del programa \u201cFortalecimiento a la Atenci\u00f3n M\u00e9dica\u201d&nbsp;U013, tambi\u00e9n adscrito a los SSO, mantiene la protesta en contra de las autoridades a quienes exigen el pago pendiente de sus quincenas, as\u00ed como la asignaci\u00f3n de medicamento y materiales para atender a la poblaci\u00f3n marginada de la entidad.&nbsp;&nbsp;<\/p>\n\n\n\n<p class=\"MsoNormal\"> As\u00ed lo dio a conocer Jorge P\u00e9rez D\u00edaz, quien en representaci\u00f3n de sus compa\u00f1eras y compa\u00f1eros pidi\u00f3 a la autoridad estatal, encabezada por Juan Carlos M\u00e1rquez Heine, atienda la problem\u00e1tica que desde la semana pasada han vuelto a evidenciar mediante protestas en las oficinas de los SSO. <\/p>\n\n\n\n<p class=\"MsoNormal\">\u201cPedimos que no se violen nuestros derechos laborales y nuestros derechos humanos, porque es lo que est\u00e1n haciendo al negarnos nuestro pago y el material que necesitamos para brindar atenci\u00f3n a la poblaci\u00f3n mayormente vulnerada\u201d, refiri\u00f3.&nbsp;<\/p>\n\n\n\n<p class=\"MsoNormal\">En este mismo sentido denunci\u00f3 la falta de atenci\u00f3n por parte de las autoridades, quienes aseguran desconocer la problem\u00e1tica, aunque en reiteradas ocasiones han solicitado audiencia con el titular de los SSO, a fin de resolver la falta de pago de 145 personas, que siguen laborando y atendiendo a la poblaci\u00f3n de escasos recursos.&nbsp;&nbsp;&nbsp;<\/p>\n\n\n\n<p class=\"MsoNormal\">El personal no s\u00f3lo carece de su pago quincenal, sino tambi\u00e9n de seguridad social, fondo para vivienda, vacaciones y de cualquier tipo de prestaci\u00f3n laboral de ley, lo que vulnera sus derechos.&nbsp;&nbsp;<\/p>\n\n\n\n<p class=\"MsoNormal\">Por lo anterior, P\u00e9rez D\u00edaz insisti\u00f3 en la atenci\u00f3n urgente a sus demandas, ya que asegur\u00f3 son quienes atienden a la poblaci\u00f3n m\u00e1s vulnerable en la entidad, situaci\u00f3n que llevan a cabo, incluso, con recursos propios.&nbsp;&nbsp;<\/p>\n\n\n\n<p class=\"MsoNormal\">\u201cAparte de que no recibimos nuestro pago, no tenemos a la mano el insumo de medicamento, no somos suficientes para atender a poblaciones tan grande, no tenemos material de curaci\u00f3n, lo cual se ha convertido en una situaci\u00f3n muy grave, sumado a la pandemia\u201d, sentenci\u00f3.   <\/p>\n","protected":false},"excerpt":{"rendered":"<p>Evlin Arag\u00f3n\/Zona Roja. Oaxaca, Oax., 29 de marzo de 2021.- M\u00e1s de 20 d\u00edas han&hellip;<\/p>\n","protected":false},"author":2,"featured_media":25277,"comment_status":"closed","ping_status":"open","sticky":false,"template":"","format":"standard","meta":{"_lmt_disableupdate":"","_lmt_disable":"","_jetpack_memberships_contains_paid_content":false,"footnotes":""},"categories":[109,47],"tags":[1005],"class_list":["post-25276","post","type-post","status-publish","format-standard","has-post-thumbnail","hentry","category-minuto-a-minuto","category-zona-gris","tag-servicios-de-salud-de-oaxaca-sso"],"jetpack_featured_media_url":"https:\/\/zonaroja.com.mx\/wp-content\/uploads\/2021\/03\/Protesta-SSO.jpg","jetpack_sharing_enabled":true,"_links":{"self":[{"href":"https:\/\/zonaroja.com.mx\/index.php?rest_route=\/wp\/v2\/posts\/25276","targetHints":{"allow":["GET"]}}],"collection":[{"href":"https:\/\/zonaroja.com.mx\/index.php?rest_route=\/wp\/v2\/posts"}],"about":[{"href":"https:\/\/zonaroja.com.mx\/index.php?rest_route=\/wp\/v2\/types\/post"}],"author":[{"embeddable":true,"href":"https:\/\/zonaroja.com.mx\/index.php?rest_route=\/wp\/v2\/users\/2"}],"replies":[{"embeddable":true,"href":"https:\/\/zonaroja.com.mx\/index.php?rest_route=%2Fwp%2Fv2%2Fcomments&post=25276"}],"version-history":[{"count":2,"href":"https:\/\/zonaroja.com.mx\/index.php?rest_route=\/wp\/v2\/posts\/25276\/revisions"}],"predecessor-version":[{"id":25289,"href":"https:\/\/zonaroja.com.mx\/index.php?rest_route=\/wp\/v2\/posts\/25276\/revisions\/25289"}],"wp:featuredmedia":[{"embeddable":true,"href":"https:\/\/zonaroja.com.mx\/index.php?rest_route=\/wp\/v2\/media\/25277"}],"wp:attachment":[{"href":"https:\/\/zonaroja.com.mx\/index.php?rest_route=%2Fwp%2Fv2%2Fmedia&parent=25276"}],"wp:term":[{"taxonomy":"category","embeddable":true,"href":"https:\/\/zonaroja.com.mx\/index.php?rest_route=%2Fwp%2Fv2%2Fcategories&post=25276"},{"taxonomy":"post_tag","embeddable":true,"href":"https:\/\/zonaroja.com.mx\/index.php?rest_route=%2Fwp%2Fv2%2Ftags&post=25276"}],"curies":[{"name":"wp","href":"https:\/\/api.w.org\/{rel}","templated":true}]}}