{"id":25279,"date":"2021-03-29T08:11:29","date_gmt":"2021-03-29T14:11:29","guid":{"rendered":"http:\/\/www.zonaroja.com.mx\/?p=25279"},"modified":"2021-03-29T16:27:55","modified_gmt":"2021-03-29T22:27:55","slug":"arturo-peimbert-tiene-primera-denuncia-en-su-contra-por-parte-de-activista","status":"publish","type":"post","link":"https:\/\/zonaroja.com.mx\/?p=25279","title":{"rendered":"Arturo Peimbert tiene primera denuncia en su contra, por parte de activista"},"content":{"rendered":"\n<p>Evlin Arag\u00f3n\/Zona Roja.<\/p>\n\n\n\n<p>Oaxaca de Ju\u00e1rez, Oax., 29 de marzo de 2021.- La activista y representante de la Red Internacional de Ind\u00edgenas Oaxaque\u00f1os (RIIO), Ana Yani Velasco Cervantes, present\u00f3 una denuncia y una queja en contra del fiscal general de Oaxaca Arturo Peimbert Calvo, a quien acus\u00f3 de amenazarla por lo que pidi\u00f3 medidas cautelares para resguardar su integridad f\u00edsica.&nbsp;&nbsp;<\/p>\n\n\n\n<p>As\u00ed lo expuso en un oficio, con fecha del 26 de marzo, dirigido a la Defensor\u00eda de los Derechos Humanos del Pueblo de Oaxaca (DDHPO), a cuyo titular Bernardo Rodr\u00edguez Alamilla, pidi\u00f3 su intervenci\u00f3n luego de que, el hoy fiscal, refiriera que la odiaba por protestar en su contra y que ten\u00eda una sorpresa para ella.&nbsp;<\/p>\n\n\n\n<p>\u201cDiversos funcionarios p\u00fablicos y varios activistas de organizaciones sociales por la defensa de los derechos humanos, me informaron que tuviera cuidado ya que Arturo de Jes\u00fas Peimbert Calvo ya ten\u00eda conocimiento de los procedimientos jur\u00eddicos que inici\u00e9 en su contra y que dicho fiscal General de Oaxaca les coment\u00f3 que me odiaba por protestar en su contra y que ten\u00eda una sorpresa para m\u00ed\u201d, refiere el documento.<\/p>\n\n\n\n<p>La activista explic\u00f3 que, desde octubre del 2019, la organizaci\u00f3n que dirige, en conjunto con otras m\u00e1s, realiz\u00f3 una serie de protesta para oponerse a la posible designaci\u00f3n de Peimbert Calvo como titular de la Comisi\u00f3n Nacional de Derecho Humanos, toda vez que cuenta con antecedentes de misoginia, agresi\u00f3n de mujeres y violencia familiar.<\/p>\n\n\n\n<p>As\u00ed mismo, de manera reciente, el pasado 25 de marzo, promovi\u00f3 diversos procedimientos jur\u00eddicos ante diversas instancias jurisdiccionales en contra de la 64 Legislatura y del Gobernador del Estado, Alejandro Murat Hinojosa, por la inconstitucional designaci\u00f3n de dicho personaje, al frente de la Fiscal\u00eda General de Justicia de Oaxaca.&nbsp;<\/p>\n\n\n\n<p>De ah\u00ed que se pusiera en la mira del hoy encargado de la procuraci\u00f3n de justicia, quien por medio de terceras personas la amenaz\u00f3; por lo que pidi\u00f3 a la DDHPO en calidad de urgente la dictaminaci\u00f3n de medidas cautelares para salvaguardar su vida e integridad f\u00edsica.&nbsp;<\/p>\n\n\n\n<p>\u201cPresento queja en contra del c. Arturo de Jes\u00fas Peimbert Calvo en su car\u00e1cter de fiscal General del Estado de Oaxaca, por violaci\u00f3n a mis derechos humanos, violencia hacia la mujer y violencia por raz\u00f3n de G\u00e9nero y solicito se dicten medidas cautelares urgentes y necesarias para evitar la consumaci\u00f3n irreparable de las violaciones a mis Derechos Humanos\u2026\u201d, se\u00f1al\u00f3 la activista.<\/p>\n\n\n\n<p>Velasco Cervantes present\u00f3 tambi\u00e9n la denuncia ante la Secretar\u00eda de las Mujeres de Oaxaca (SMO), a cuya titular, Ana V\u00e1squez Colmenares pidi\u00f3 darle seguimiento al tema y mantenerse al pendiente de lo que pueda suceder.<\/p>\n\n\n\n<p>TAMBI\u00c9N SOL ROJO<\/p>\n\n\n\n<p>No se trata del \u00fanico se\u00f1alamiento en contra del fiscal ya que, este lunes, integrantes de la organizaci\u00f3n Sol Rojo se manifestaron en contra de Peimbert Calvo, a quien acusaron de ser c\u00f3mplice con los poderes facticos del estado y la federaci\u00f3n para la imposici\u00f3n de pol\u00edticas antipopulares y megaproyectos de despojo y muere como las miner\u00edas, las presas hidroel\u00e9ctricas, parques e\u00f3licos, entre otros, durante su paso por la Defensor\u00eda.&nbsp;<\/p>\n","protected":false},"excerpt":{"rendered":"<p>Evlin Arag\u00f3n\/Zona Roja. Oaxaca de Ju\u00e1rez, Oax., 29 de marzo de 2021.- La activista y&hellip;<\/p>\n","protected":false},"author":2,"featured_media":25280,"comment_status":"closed","ping_status":"open","sticky":false,"template":"","format":"standard","meta":{"_lmt_disableupdate":"","_lmt_disable":"","_jetpack_memberships_contains_paid_content":false,"footnotes":""},"categories":[109,47],"tags":[2532],"class_list":["post-25279","post","type-post","status-publish","format-standard","has-post-thumbnail","hentry","category-minuto-a-minuto","category-zona-gris","tag-arturo-peimbert-calvo"],"jetpack_featured_media_url":"https:\/\/zonaroja.com.mx\/wp-content\/uploads\/2021\/03\/Denuncia-contra-Arturo-Peimbert.jpg","jetpack_sharing_enabled":true,"_links":{"self":[{"href":"https:\/\/zonaroja.com.mx\/index.php?rest_route=\/wp\/v2\/posts\/25279","targetHints":{"allow":["GET"]}}],"collection":[{"href":"https:\/\/zonaroja.com.mx\/index.php?rest_route=\/wp\/v2\/posts"}],"about":[{"href":"https:\/\/zonaroja.com.mx\/index.php?rest_route=\/wp\/v2\/types\/post"}],"author":[{"embeddable":true,"href":"https:\/\/zonaroja.com.mx\/index.php?rest_route=\/wp\/v2\/users\/2"}],"replies":[{"embeddable":true,"href":"https:\/\/zonaroja.com.mx\/index.php?rest_route=%2Fwp%2Fv2%2Fcomments&post=25279"}],"version-history":[{"count":2,"href":"https:\/\/zonaroja.com.mx\/index.php?rest_route=\/wp\/v2\/posts\/25279\/revisions"}],"predecessor-version":[{"id":25291,"href":"https:\/\/zonaroja.com.mx\/index.php?rest_route=\/wp\/v2\/posts\/25279\/revisions\/25291"}],"wp:featuredmedia":[{"embeddable":true,"href":"https:\/\/zonaroja.com.mx\/index.php?rest_route=\/wp\/v2\/media\/25280"}],"wp:attachment":[{"href":"https:\/\/zonaroja.com.mx\/index.php?rest_route=%2Fwp%2Fv2%2Fmedia&parent=25279"}],"wp:term":[{"taxonomy":"category","embeddable":true,"href":"https:\/\/zonaroja.com.mx\/index.php?rest_route=%2Fwp%2Fv2%2Fcategories&post=25279"},{"taxonomy":"post_tag","embeddable":true,"href":"https:\/\/zonaroja.com.mx\/index.php?rest_route=%2Fwp%2Fv2%2Ftags&post=25279"}],"curies":[{"name":"wp","href":"https:\/\/api.w.org\/{rel}","templated":true}]}}