{"id":25284,"date":"2021-03-29T08:23:03","date_gmt":"2021-03-29T14:23:03","guid":{"rendered":"http:\/\/www.zonaroja.com.mx\/?p=25284"},"modified":"2021-03-29T08:23:07","modified_gmt":"2021-03-29T14:23:07","slug":"la-desinformacion-la-otra-pandemia-de-los-ultimos-tiempos","status":"publish","type":"post","link":"https:\/\/zonaroja.com.mx\/?p=25284","title":{"rendered":"La desinformaci\u00f3n, la otra pandemia de los \u00faltimos tiempos"},"content":{"rendered":"\n<p>Evlin Arag\u00f3n\/Zona Roja.<\/p>\n\n\n\n<p>Oaxaca de Ju\u00e1rez, Oax., 29 de marzo de 2021.- Tomar decisiones err\u00f3neas y poner en riesgo la vida misma, son las principales consecuencias de la desinformaci\u00f3n en torno a la contingencia sanitaria causada por el Covid-19, de ah\u00ed que tambi\u00e9n ha sido considerada como otra pandemia del 2020 y los \u00faltimos tiempos.<\/p>\n\n\n\n<p>As\u00ed lo dio a conocer el periodista Luis Roberto Castrill\u00f3n Cu\u00e9, especialista en verificar informaci\u00f3n e integrante del equipo de Capacitaci\u00f3n en Periodismo de Salud y Emergencias Sanitarias, como parte de las conferencias \u201cUn a\u00f1o de explicar el Covid-19\u201d.<\/p>\n\n\n\n<p>\u201cHoy en d\u00eda enfrentamos dos pandemias que est\u00e1n intr\u00ednsecamente relacionadas, toda vez que se afectan la una a la otra, porque la desinformaci\u00f3n incrementa las consecuencias graves del coronavirus\u201d, refiri\u00f3.&nbsp;<\/p>\n\n\n\n<p>De acuerdo con Castrill\u00f3n Cu\u00e9, la desinformaci\u00f3n tiene el agravante de estar haciendo m\u00e1s dif\u00edcil mitigar o contener la pandemia de Covid-19, de ah\u00ed que puede ser m\u00e1s grave que la contingencia sanitaria misma, al generar mayor confusi\u00f3n y equivocaciones en la toma de decisiones frente a la enfermedad, tanto de la poblaci\u00f3n como de las autoridades.<\/p>\n\n\n\n<p>Claro ejemplo dijo, la reciente campa\u00f1a de grupos denominados \u201cantivacunas\u201d, que promueven la no inmunizaci\u00f3n de la poblaci\u00f3n, lo cual representa un riesgo no s\u00f3lo para localidades o entidades particulares, sino para el mundo toda vez que se ha comprobado la facilidad con la que el virus ha mutado.&nbsp;<\/p>\n\n\n\n<p>Y aunque reconoci\u00f3 que se han presentado complicaciones con la vacuna, ya sea en torno a reacciones f\u00edsicas o la difusi\u00f3n de la existencia de inmunizaciones falsas, esto de ninguna manera podr\u00eda derivar en la descalificaci\u00f3n de la estrategia de vacunaci\u00f3n mundial.&nbsp;<\/p>\n\n\n\n<p>De ah\u00ed que, de acuerdo con el especialista, es necesario un trabajo colaborativo entre los diferentes medios de comunicaci\u00f3n, romper la tendencia de ser competencia en temas tan relevantes como la salud del mundo, y buscar las coincidencias en las que se manden mensajes reales y verificados a la poblaci\u00f3n, para que \u00e9sta a su vez tome las decisiones que mejor le convengan.&nbsp;<\/p>\n\n\n\n<p>\u201cCada quien puede seguir publicando lo que le interesa, dependiendo de su l\u00ednea editorial, pero establecemos una l\u00ednea en particular en conjunto donde decidimos todos los medios firmar un convenio donde decidimos como tratar un tipo de informaci\u00f3n, particularmente en temas como promover la vacunaci\u00f3n\u201d, ejemplific\u00f3.<\/p>\n\n\n\n<p>La charla del especialista forma parte de las actividades impulsada por la Asociaci\u00f3n de Periodistas de Oaxaca, con el respaldo de la Asociaci\u00f3n de Periodistas de Informaci\u00f3n Deportiva de Oaxaca, la Corporaci\u00f3n de Radio y Televisi\u00f3n, la 64 Legislatura del Estado, Radio Universidad de la UABJO, la Benem\u00e9rita Universidad de Oaxaca, entre otras.&nbsp; &nbsp;<\/p>\n","protected":false},"excerpt":{"rendered":"<p>Evlin Arag\u00f3n\/Zona Roja. Oaxaca de Ju\u00e1rez, Oax., 29 de marzo de 2021.- Tomar decisiones err\u00f3neas&hellip;<\/p>\n","protected":false},"author":2,"featured_media":25285,"comment_status":"closed","ping_status":"open","sticky":false,"template":"","format":"standard","meta":{"_lmt_disableupdate":"","_lmt_disable":"","_jetpack_memberships_contains_paid_content":false,"footnotes":""},"categories":[109,46],"tags":[2559],"class_list":["post-25284","post","type-post","status-publish","format-standard","has-post-thumbnail","hentry","category-minuto-a-minuto","category-zona-blanca","tag-luis-roberto-castrillon-cue"],"jetpack_featured_media_url":"https:\/\/zonaroja.com.mx\/wp-content\/uploads\/2021\/03\/Luis-Roberto-Castrillon.jpeg","jetpack_sharing_enabled":true,"_links":{"self":[{"href":"https:\/\/zonaroja.com.mx\/index.php?rest_route=\/wp\/v2\/posts\/25284","targetHints":{"allow":["GET"]}}],"collection":[{"href":"https:\/\/zonaroja.com.mx\/index.php?rest_route=\/wp\/v2\/posts"}],"about":[{"href":"https:\/\/zonaroja.com.mx\/index.php?rest_route=\/wp\/v2\/types\/post"}],"author":[{"embeddable":true,"href":"https:\/\/zonaroja.com.mx\/index.php?rest_route=\/wp\/v2\/users\/2"}],"replies":[{"embeddable":true,"href":"https:\/\/zonaroja.com.mx\/index.php?rest_route=%2Fwp%2Fv2%2Fcomments&post=25284"}],"version-history":[{"count":1,"href":"https:\/\/zonaroja.com.mx\/index.php?rest_route=\/wp\/v2\/posts\/25284\/revisions"}],"predecessor-version":[{"id":25286,"href":"https:\/\/zonaroja.com.mx\/index.php?rest_route=\/wp\/v2\/posts\/25284\/revisions\/25286"}],"wp:featuredmedia":[{"embeddable":true,"href":"https:\/\/zonaroja.com.mx\/index.php?rest_route=\/wp\/v2\/media\/25285"}],"wp:attachment":[{"href":"https:\/\/zonaroja.com.mx\/index.php?rest_route=%2Fwp%2Fv2%2Fmedia&parent=25284"}],"wp:term":[{"taxonomy":"category","embeddable":true,"href":"https:\/\/zonaroja.com.mx\/index.php?rest_route=%2Fwp%2Fv2%2Fcategories&post=25284"},{"taxonomy":"post_tag","embeddable":true,"href":"https:\/\/zonaroja.com.mx\/index.php?rest_route=%2Fwp%2Fv2%2Ftags&post=25284"}],"curies":[{"name":"wp","href":"https:\/\/api.w.org\/{rel}","templated":true}]}}