{"id":25292,"date":"2021-03-29T17:00:00","date_gmt":"2021-03-29T23:00:00","guid":{"rendered":"http:\/\/www.zonaroja.com.mx\/?p=25292"},"modified":"2021-03-29T17:00:05","modified_gmt":"2021-03-29T23:00:05","slug":"matan-a-otro-activista-en-paso-de-la-reyna-jamiltepec-impune-crimen-de-fidel","status":"publish","type":"post","link":"https:\/\/zonaroja.com.mx\/?p=25292","title":{"rendered":"Matan a otro activista en Paso de la Reyna, Jamiltepec; impune crimen de Fidel"},"content":{"rendered":"\n<p>Ismael Garc\u00eda M.\/Zona Roja.<\/p>\n\n\n\n<p>Oaxaca de Ju\u00e1rez, Oax., 28 de marzo de 2021.- A poco m\u00e1s de dos meses del asesinato de Fidel Heras Cruz, otro activista y defensor de los recursos naturales en Paso de la Reyna, Santiago Jamiltepec, fue asesinado a balazos ayer.<\/p>\n\n\n\n<p>De acuerdo con la asociaci\u00f3n civil Servicios para una Educaci\u00f3n Alternativa (Educa), se trata de Jaime Jim\u00e9nez Ruiz, ex agente municipal y uno de los f\u00e9rreos defensores del r\u00edo \u201cVerde\u201d, adem\u00e1s de militante activo del Partido Morena.<\/p>\n\n\n\n<p>\u201cCon este nuevo crimen contra un ciudadano de Paso de la Reyna, se sigue aumentando la inseguridad en la comunidad de apenas 500 habitantes. Cabe se\u00f1alar que a ra\u00edz de la crisis institucional que vive Oaxaca, a casi 24 horas del asesinato, las autoridades locales siguen esperando la llegada de la Polic\u00eda Estatal para brindar medidas de seguridad\u201d, expuso en un comunicado.<\/p>\n\n\n\n<p>Detall\u00f3 adem\u00e1s que el crimen de Fidel Heras Cruz, presidente del Comisariado Ejidal de Paso de la Reyna y defensor del territorio, cometido el 23 de enero de 2021 en la comunidad vecina de La Esperanza, \u201csigue en total impunidad, pese a las amenazas de muerte contra Fidel Heras Cruz de parte de la familia caciquil que denunci\u00f3 la comunidad.<\/p>\n\n\n\n<p>\u201cHasta hoy d\u00eda, la comunidad Paso de la Reyna no cuenta con ninguna medida cautelar de parte de autoridades estatales o federales. Recordar tambi\u00e9n que en la noche del 14 al 15 de marzo de 2021, fueron asesinados a tiros los ciudadanos Raymundo Robles Ria\u00f1o, suplente del agente municipal, No\u00e9 Robles Cruz, y Gerardo Mendoza Reyes, esto en el Barrio Chico de Paso de la Reyna\u201d, remarc\u00f3.<\/p>\n\n\n\n<p>Agreg\u00f3 que la comunidad es s\u00edmbolo de la lucha pac\u00edfica contra los megaproyectos y el extractivismo, como son los proyectos hidroel\u00e9ctricos que amenazan al r\u00edo \u201cVerde\u201d, sufre el autoritarismo caciquil y la impunidad, que son las causas estructurales de la partida violenta de cinco de sus ciudadanos en este a\u00f1o.<\/p>\n\n\n\n<p>\u201cEsta ola de violencia crece a la par de la total inoperancia de las instancias estatales y federales que deber\u00edan procurar justicia y velar por los derechos y la seguridad ciudadana.<\/p>\n\n\n\n<p>\u201cEs preocupante la situaci\u00f3n en materia de seguridad y derechos humanos en el estado, entre cambio del titular de la Fiscal\u00eda, el paro de la Polic\u00eda Estatal y la dilataci\u00f3n de la actuaci\u00f3n de los funcionarios federales y estatales no hay condiciones que garanticen el ejercicio de los derechos, m\u00e1s a\u00fan cuando est\u00e1 en pleno desarrollo el proceso electoral.<\/p>\n\n\n\n<p>\u201cPese a reuniones con instancias de seguridad y derechos humanos, no se han tenido avances ni en las investigaciones del asesinato de Fidel Heras Cruz, ni en las medidas de seguridad para la comunidad\u201d, manifest\u00f3.<\/p>\n\n\n\n<p>La asociaci\u00f3n civil Educa exigi\u00f3 a la Defensor\u00eda de los Derechos Humanos del Pueblo de Oaxaca que dicte a la brevedad medidas cautelares para la agencia Paso de la Reyna, a fin de salvaguardar la integridad de la ciudadan\u00eda y a la Fiscal\u00eda General del Estado la inmediata actuaci\u00f3n para abrir las carpetas de investigaci\u00f3n correspondientes.<\/p>\n","protected":false},"excerpt":{"rendered":"<p>Ismael Garc\u00eda M.\/Zona Roja. Oaxaca de Ju\u00e1rez, Oax., 28 de marzo de 2021.- A poco&hellip;<\/p>\n","protected":false},"author":2,"featured_media":25293,"comment_status":"closed","ping_status":"open","sticky":false,"template":"","format":"standard","meta":{"_lmt_disableupdate":"","_lmt_disable":"","_jetpack_memberships_contains_paid_content":false,"footnotes":""},"categories":[109,51],"tags":[2560,2397],"class_list":["post-25292","post","type-post","status-publish","format-standard","has-post-thumbnail","hentry","category-minuto-a-minuto","category-zona-roja","tag-jaime-jimenez-ruiz","tag-paso-de-la-reyna-jamiltepec"],"jetpack_featured_media_url":"https:\/\/zonaroja.com.mx\/wp-content\/uploads\/2021\/03\/Jaime-Jimenez-Ruiz-Paso-de-la-Reyna.jpg","jetpack_sharing_enabled":true,"_links":{"self":[{"href":"https:\/\/zonaroja.com.mx\/index.php?rest_route=\/wp\/v2\/posts\/25292","targetHints":{"allow":["GET"]}}],"collection":[{"href":"https:\/\/zonaroja.com.mx\/index.php?rest_route=\/wp\/v2\/posts"}],"about":[{"href":"https:\/\/zonaroja.com.mx\/index.php?rest_route=\/wp\/v2\/types\/post"}],"author":[{"embeddable":true,"href":"https:\/\/zonaroja.com.mx\/index.php?rest_route=\/wp\/v2\/users\/2"}],"replies":[{"embeddable":true,"href":"https:\/\/zonaroja.com.mx\/index.php?rest_route=%2Fwp%2Fv2%2Fcomments&post=25292"}],"version-history":[{"count":1,"href":"https:\/\/zonaroja.com.mx\/index.php?rest_route=\/wp\/v2\/posts\/25292\/revisions"}],"predecessor-version":[{"id":25294,"href":"https:\/\/zonaroja.com.mx\/index.php?rest_route=\/wp\/v2\/posts\/25292\/revisions\/25294"}],"wp:featuredmedia":[{"embeddable":true,"href":"https:\/\/zonaroja.com.mx\/index.php?rest_route=\/wp\/v2\/media\/25293"}],"wp:attachment":[{"href":"https:\/\/zonaroja.com.mx\/index.php?rest_route=%2Fwp%2Fv2%2Fmedia&parent=25292"}],"wp:term":[{"taxonomy":"category","embeddable":true,"href":"https:\/\/zonaroja.com.mx\/index.php?rest_route=%2Fwp%2Fv2%2Fcategories&post=25292"},{"taxonomy":"post_tag","embeddable":true,"href":"https:\/\/zonaroja.com.mx\/index.php?rest_route=%2Fwp%2Fv2%2Ftags&post=25292"}],"curies":[{"name":"wp","href":"https:\/\/api.w.org\/{rel}","templated":true}]}}