{"id":25304,"date":"2021-03-29T20:01:16","date_gmt":"2021-03-30T02:01:16","guid":{"rendered":"http:\/\/www.zonaroja.com.mx\/?p=25304"},"modified":"2021-03-29T20:01:19","modified_gmt":"2021-03-30T02:01:19","slug":"reconoce-ddhpo-ejecucion-extrajudicial-de-alexander-emite-recomendacion","status":"publish","type":"post","link":"https:\/\/zonaroja.com.mx\/?p=25304","title":{"rendered":"Reconoce DDHPO ejecuci\u00f3n extrajudicial de Alexander; emite recomendaci\u00f3n"},"content":{"rendered":"\n<p>Evlin Arag\u00f3n\/Zona Roja.<\/p>\n\n\n\n<p>Oaxaca de Ju\u00e1rez, Oax., 29 de marzo de 2021.- La Defensor\u00eda de los Derechos Humanos del Pueblo de Oaxaca (DDHPO) reconoci\u00f3 la violaci\u00f3n a las garant\u00edas individuales de Alexander, joven futbolista de tan solo 16 a\u00f1os, ejecutado de manera extrajudicial el pasado 9 de junio, por parte de la polic\u00eda municipal de Acatl\u00e1n de P\u00e9rez Figueroa, y emiti\u00f3 una serie de medidas para resarcir el da\u00f1o a las v\u00edctimas.<\/p>\n\n\n\n<p>Lo anterior como parte de la recomendaci\u00f3n 0120\/2021 que reconoce la violaci\u00f3n de los derechos a la integridad personal, a la vida, la verdad y el acceso a la justicia, de Alexander y de su familia, tal como lo dio a conocer en conferencia de prensa virtual el titular de la DDHPO, Bernardo Rodr\u00edguez Alamilla.&nbsp;<\/p>\n\n\n\n<p>El defensor aclar\u00f3 que de acuerdo con la investigaci\u00f3n que llevaron a cabo, se comprob\u00f3 la ejecuci\u00f3n extrajudicial y arbitraria del menor y el uso ilegal de la fuerza por los elementos de la polic\u00eda municipal; as\u00ed como la ausencia de una investigaci\u00f3n seria, imparcial y efectiva por parte de la Fiscal\u00eda.<\/p>\n\n\n\n<p>En esto \u00faltimo, detall\u00f3 que se confirmaron malas pr\u00e1cticas realizadas por parte de la Fiscal\u00eda, tanto en el lugar de los hechos, en el manejo del cuerpo y al momento de realizar las diligencias, donde no siguieron los protocolos de actuaci\u00f3n; as\u00ed como en la integraci\u00f3n de la carpeta de investigaci\u00f3n y la labor consecuente por parte de la instancia que estuvo plagada de irregularidades y omisiones.<\/p>\n\n\n\n<p>Por lo anterior, la DDHPO emiti\u00f3 una serie de recomendaciones que incluye medidas de reparaci\u00f3n del da\u00f1o, de satisfacci\u00f3n y de no repetici\u00f3n del da\u00f1o, como son el reconocimiento p\u00fablico de la responsabilidad por parte de las autoridades municipales, la disculpa p\u00fablica hacia Alexander y su familia, la sanci\u00f3n a los responsables y la capacitaci\u00f3n de todo el personal de seguridad en la zona.&nbsp;<\/p>\n\n\n\n<p>Todas las acciones descritas tendr\u00e1n que hacerse en un plazo no mayor a los 5, 20, 40 y 90 d\u00edas posteriores a la publicaci\u00f3n de la recomendaci\u00f3n.<\/p>\n\n\n\n<p>CELEBRAN MEDIDA<\/p>\n\n\n\n<p>Por su parte la familia de Alexander, encabezada por su madre Virginia G\u00f3mez P\u00e9rez, celebr\u00f3 la recomendaci\u00f3n emitida por la Defensor\u00eda, la cual reconoci\u00f3 las graves violaciones a los derechos del joven y de sus familiares, por parte de la polic\u00eda municipal de Acatl\u00e1n y la Fiscal\u00eda General del Estado de Oaxaca, a cargo de Rub\u00e9n Vasconcelos M\u00e9ndez.&nbsp;<\/p>\n\n\n\n<p>De acuerdo con la joven madre de familia, la recomendaci\u00f3n demostr\u00f3 lo que desde un inicio ella se\u00f1al\u00f3, al asegurar que no hab\u00eda sido un accidente sino consecuencia de un ataque directo y con uso excesivo de la fuerza p\u00fablica por parte de los polic\u00edas municipales.&nbsp;<\/p>\n\n\n\n<p>As\u00ed mismo, pone de manifiesto las violaciones a los derechos humanos del joven y de la familia por parte de la Fiscal\u00eda local, la cual cometi\u00f3 omisiones en las investigaciones, contribuyendo en el atraso del acceso a la justicia, adem\u00e1s que no garantiz\u00f3 una investigaci\u00f3n imparcial y efectiva.&nbsp;<\/p>\n\n\n\n<p>Como en otros casos, la familia dio a conocer que fueron ellos quienes se dieron a la tarea de hacer la labor que tendr\u00eda que hacer la Fiscal\u00eda, debido a la omisi\u00f3n que reinaba en la instancia a cargo de Vasconcelos M\u00e9ndez, de ah\u00ed que solicitaron al nuevo fiscal retomar la investigaci\u00f3n para sancionar a quienes hayan incurrido en las irregularidades que entorpecieron el acceso a la justicia.&nbsp;<\/p>\n\n\n\n<p>\u201cMi hermano merece que su memoria perdure, que su sue\u00f1o de ser futbolista y su vida basada en el esfuerzo y lucha sea recordada por todas las personas de Oaxaca, M\u00e9xico y el mundo. Mi hermano merece una disculpa p\u00fablica y mi familia tambi\u00e9n, lo que le hicieron no fue un accidente fue una ejecuci\u00f3n extrajudicial, un crimen de lesa humanidad. Fue el Estado, fue el municipio y fue la polic\u00eda de Acatl\u00e1n de P\u00e9rez Figueroa\u201d, dijo Alexis Mart\u00ednez, hermano de Alexander.&nbsp;<\/p>\n","protected":false},"excerpt":{"rendered":"<p>Evlin Arag\u00f3n\/Zona Roja. Oaxaca de Ju\u00e1rez, Oax., 29 de marzo de 2021.- La Defensor\u00eda de&hellip;<\/p>\n","protected":false},"author":2,"featured_media":25305,"comment_status":"closed","ping_status":"open","sticky":false,"template":"","format":"standard","meta":{"_lmt_disableupdate":"","_lmt_disable":"","_jetpack_memberships_contains_paid_content":false,"footnotes":""},"categories":[109,47],"tags":[187,1749],"class_list":["post-25304","post","type-post","status-publish","format-standard","has-post-thumbnail","hentry","category-minuto-a-minuto","category-zona-gris","tag-acatlan-de-perez-figueroa","tag-alexander-g-m"],"jetpack_featured_media_url":"https:\/\/zonaroja.com.mx\/wp-content\/uploads\/2021\/03\/Conferencia-DDHPO-caso-Alexander.jpg","jetpack_sharing_enabled":true,"_links":{"self":[{"href":"https:\/\/zonaroja.com.mx\/index.php?rest_route=\/wp\/v2\/posts\/25304","targetHints":{"allow":["GET"]}}],"collection":[{"href":"https:\/\/zonaroja.com.mx\/index.php?rest_route=\/wp\/v2\/posts"}],"about":[{"href":"https:\/\/zonaroja.com.mx\/index.php?rest_route=\/wp\/v2\/types\/post"}],"author":[{"embeddable":true,"href":"https:\/\/zonaroja.com.mx\/index.php?rest_route=\/wp\/v2\/users\/2"}],"replies":[{"embeddable":true,"href":"https:\/\/zonaroja.com.mx\/index.php?rest_route=%2Fwp%2Fv2%2Fcomments&post=25304"}],"version-history":[{"count":1,"href":"https:\/\/zonaroja.com.mx\/index.php?rest_route=\/wp\/v2\/posts\/25304\/revisions"}],"predecessor-version":[{"id":25306,"href":"https:\/\/zonaroja.com.mx\/index.php?rest_route=\/wp\/v2\/posts\/25304\/revisions\/25306"}],"wp:featuredmedia":[{"embeddable":true,"href":"https:\/\/zonaroja.com.mx\/index.php?rest_route=\/wp\/v2\/media\/25305"}],"wp:attachment":[{"href":"https:\/\/zonaroja.com.mx\/index.php?rest_route=%2Fwp%2Fv2%2Fmedia&parent=25304"}],"wp:term":[{"taxonomy":"category","embeddable":true,"href":"https:\/\/zonaroja.com.mx\/index.php?rest_route=%2Fwp%2Fv2%2Fcategories&post=25304"},{"taxonomy":"post_tag","embeddable":true,"href":"https:\/\/zonaroja.com.mx\/index.php?rest_route=%2Fwp%2Fv2%2Ftags&post=25304"}],"curies":[{"name":"wp","href":"https:\/\/api.w.org\/{rel}","templated":true}]}}