{"id":25307,"date":"2021-03-29T20:43:46","date_gmt":"2021-03-30T02:43:46","guid":{"rendered":"http:\/\/www.zonaroja.com.mx\/?p=25307"},"modified":"2021-03-29T20:43:49","modified_gmt":"2021-03-30T02:43:49","slug":"comite-municipal-del-pan-se-inconforma-por-integracion-de-planilla-para-la-capital","status":"publish","type":"post","link":"https:\/\/zonaroja.com.mx\/?p=25307","title":{"rendered":"Comit\u00e9 municipal del PAN se inconforma por integraci\u00f3n de planilla para la capital"},"content":{"rendered":"\n<p>Yuridiana Sosa\/Zona Roja.<\/p>\n\n\n\n<p>Oaxaca de Ju\u00e1rez, Oax., 29 de marzo de 2021.- Panistas de la capital que respaldan a la precandidata a la presidencia municipal, Alejandra Garc\u00eda Morl\u00e1n, e integrantes del Comit\u00e9 Directivo Municipal, se manifestaron contra de la integraci\u00f3n de la planila para Oaxaca de Ju\u00e1rez.<\/p>\n\n\n\n<p>Los inconformes se\u00f1alaron que la decisi\u00f3n fue a \u201cdedazo\u201d, as\u00ed como en un proceso lejos de transparencia y apegada a los principios de su partido, donde aseguraron que jam\u00e1s han designado bajo el m\u00e9todo que ahora se implement\u00f3.<\/p>\n\n\n\n<p>El Comit\u00e9 municipal de Acci\u00f3n Nacional como la ex precandidata, indicaron que sus figuras como representantes pol\u00edticos y participante en un proceso interno no fueron notificados formalmente por el PAN estatal de la decisi\u00f3n tomada, pues fue por los medios de comunicaci\u00f3n que conocieron la planilla que encabeza el priista Javier Villaca\u00f1a Jim\u00e9nez.<\/p>\n\n\n\n<p>La dirigente municipal del PAN, Laura Aguilar Chagoya, asever\u00f3 que el PAN debi\u00f3 encabezar la candidatura com\u00fan al ser la segunda fuerza pol\u00edtica a nivel municipal; sin embargo, en la actual negociaci\u00f3n de la que tampoco fueron parte, s\u00f3lo se dej\u00f3 un 14 por ciento de los espacios al Acci\u00f3n Nacional y el Revolucionario Institucional se qued\u00f3 con el 80 por ciento.<\/p>\n\n\n\n<figure class=\"wp-block-embed-twitter wp-block-embed is-type-rich is-provider-twitter\"><div class=\"wp-block-embed__wrapper\">\n<div class=\"twitter-tweet\"><blockquote class=\"twitter-tweet\" data-lang=\"es\"><p lang=\"es\" dir=\"ltr\"><a href=\"https:\/\/twitter.com\/hashtag\/%C3%9AltimoMinuto?src=hash&amp;ref_src=twsrc%5Etfw\">#\u00daltimoMinuto<\/a> <a href=\"https:\/\/twitter.com\/hashtag\/EleccionesOaxaca2021?src=hash&amp;ref_src=twsrc%5Etfw\">#EleccionesOaxaca2021<\/a> <br>A). En conferencia de prensa, la dirigencia municipal del PAN, expres\u00f3 su inconformidad por la integraci\u00f3n de la planilla por Oaxaca de Ju\u00e1rez. <a href=\"https:\/\/t.co\/ZZwI2e8KRR\">pic.twitter.com\/ZZwI2e8KRR<\/a><\/p>&mdash; Zona Roja Oaxaca (@Zona_Roja_Oax) <a href=\"https:\/\/twitter.com\/Zona_Roja_Oax\/status\/1376594470360260610?ref_src=twsrc%5Etfw\">29 de marzo de 2021<\/a><\/blockquote><\/div>\n<\/div><\/figure>\n\n\n\n<p>Alejandra Garc\u00eda Morl\u00e1n manifest\u00f3 que no reconoce a Villaca\u00f1a Jim\u00e9nez, ni el proceso llevado a cabo, por lo que desiste de participar en la contienda en apoyo a su partido, sin renunciar a su militancia de 23 a\u00f1os.<\/p>\n\n\n\n<p>La falta de transparencia con la que trabaj\u00f3 el Comit\u00e9 Directivo Estatal del PAN puede ser un grave error que se ver\u00eda reflejado en el resultado de las elecciones, consider\u00f3 la ex aspirante.<\/p>\n\n\n\n<p>Adem\u00e1s, evidenci\u00f3 a su partido al indicar que la petici\u00f3n el CDE del PAN para conocer el m\u00e9todo de selecci\u00f3n de candidato, as\u00ed como datos puntuales de la empresa, fechas y costos de una encuesta, no le fue contestada de forma puntual, indicando que le dar\u00edan la informaci\u00f3n posterior a la decisi\u00f3n.<\/p>\n\n\n\n<figure class=\"wp-block-embed-twitter wp-block-embed is-type-rich is-provider-twitter\"><div class=\"wp-block-embed__wrapper\">\n<div class=\"twitter-tweet\"><blockquote class=\"twitter-tweet\" data-lang=\"es\"><p lang=\"es\" dir=\"ltr\"><a href=\"https:\/\/twitter.com\/hashtag\/%C3%9AltimoMinuto?src=hash&amp;ref_src=twsrc%5Etfw\">#\u00daltimoMinuto<\/a> <a href=\"https:\/\/twitter.com\/hashtag\/EleccionesOaxaca2021?src=hash&amp;ref_src=twsrc%5Etfw\">#EleccionesOaxaca2021<\/a> <br>B). La diputada federal y ex aspirante a la presidencia municipal de Oaxaca de Ju\u00e1rez, <a href=\"https:\/\/twitter.com\/alegarciamorlan?ref_src=twsrc%5Etfw\">@alegarciamorlan<\/a>, deplor\u00f3 los enga\u00f1os del <a href=\"https:\/\/twitter.com\/PANOaxaca?ref_src=twsrc%5Etfw\">@PANOaxaca<\/a> y la nula transparencia en el proceso de selecci\u00f3n de la candidatura com\u00fan. <a href=\"https:\/\/t.co\/aQzqgNVIMC\">pic.twitter.com\/aQzqgNVIMC<\/a><\/p>&mdash; Zona Roja Oaxaca (@Zona_Roja_Oax) <a href=\"https:\/\/twitter.com\/Zona_Roja_Oax\/status\/1376597508474998790?ref_src=twsrc%5Etfw\">29 de marzo de 2021<\/a><\/blockquote><\/div>\n<\/div><\/figure>\n","protected":false},"excerpt":{"rendered":"<p>Yuridiana Sosa\/Zona Roja. Oaxaca de Ju\u00e1rez, Oax., 29 de marzo de 2021.- Panistas de la&hellip;<\/p>\n","protected":false},"author":2,"featured_media":25301,"comment_status":"closed","ping_status":"open","sticky":false,"template":"","format":"standard","meta":{"_lmt_disableupdate":"","_lmt_disable":"","_jetpack_memberships_contains_paid_content":false,"footnotes":""},"categories":[109,47],"tags":[1734,2364],"class_list":["post-25307","post","type-post","status-publish","format-standard","has-post-thumbnail","hentry","category-minuto-a-minuto","category-zona-gris","tag-alejandra-garcia-morlan","tag-partido-accion-nacional-pan-oaxaca"],"jetpack_featured_media_url":"https:\/\/zonaroja.com.mx\/wp-content\/uploads\/2021\/03\/Conferencia-PAN-municipal.jpg","jetpack_sharing_enabled":true,"_links":{"self":[{"href":"https:\/\/zonaroja.com.mx\/index.php?rest_route=\/wp\/v2\/posts\/25307","targetHints":{"allow":["GET"]}}],"collection":[{"href":"https:\/\/zonaroja.com.mx\/index.php?rest_route=\/wp\/v2\/posts"}],"about":[{"href":"https:\/\/zonaroja.com.mx\/index.php?rest_route=\/wp\/v2\/types\/post"}],"author":[{"embeddable":true,"href":"https:\/\/zonaroja.com.mx\/index.php?rest_route=\/wp\/v2\/users\/2"}],"replies":[{"embeddable":true,"href":"https:\/\/zonaroja.com.mx\/index.php?rest_route=%2Fwp%2Fv2%2Fcomments&post=25307"}],"version-history":[{"count":1,"href":"https:\/\/zonaroja.com.mx\/index.php?rest_route=\/wp\/v2\/posts\/25307\/revisions"}],"predecessor-version":[{"id":25308,"href":"https:\/\/zonaroja.com.mx\/index.php?rest_route=\/wp\/v2\/posts\/25307\/revisions\/25308"}],"wp:featuredmedia":[{"embeddable":true,"href":"https:\/\/zonaroja.com.mx\/index.php?rest_route=\/wp\/v2\/media\/25301"}],"wp:attachment":[{"href":"https:\/\/zonaroja.com.mx\/index.php?rest_route=%2Fwp%2Fv2%2Fmedia&parent=25307"}],"wp:term":[{"taxonomy":"category","embeddable":true,"href":"https:\/\/zonaroja.com.mx\/index.php?rest_route=%2Fwp%2Fv2%2Fcategories&post=25307"},{"taxonomy":"post_tag","embeddable":true,"href":"https:\/\/zonaroja.com.mx\/index.php?rest_route=%2Fwp%2Fv2%2Ftags&post=25307"}],"curies":[{"name":"wp","href":"https:\/\/api.w.org\/{rel}","templated":true}]}}