{"id":25309,"date":"2021-03-29T21:28:11","date_gmt":"2021-03-30T03:28:11","guid":{"rendered":"http:\/\/www.zonaroja.com.mx\/?p=25309"},"modified":"2021-03-29T21:28:15","modified_gmt":"2021-03-30T03:28:15","slug":"policia-estatal-elige-a-nuevo-comandante-con-denuncias-de-acoso-sexual","status":"publish","type":"post","link":"https:\/\/zonaroja.com.mx\/?p=25309","title":{"rendered":"Polic\u00eda Estatal \u201celige\u201d a nuevo comandante\u2026 con denuncias de acoso sexual"},"content":{"rendered":"\n<p>Yuridiana Sosa\/Zona Roja.<\/p>\n\n\n\n<p>Oaxaca de Ju\u00e1rez, Oax., 29 de marzo de 2021.- Tras el fin del paro de labores, el pasado s\u00e1bado, un grupo de elementos de la Polic\u00eda Estatal de Oaxaca \u201cnombr\u00f3\u201d a Meinardo Cruz Ram\u00edrez como su nuevo comandante para la corporaci\u00f3n.<\/p>\n\n\n\n<p>Sin embargo, la designaci\u00f3n no ha sido oficial al momento por parte de la Secretar\u00eda de Seguridad P\u00fablica, seg\u00fan fuentes consultadas. El extraoficialmente designado arrastra antecedentes de acoso sexual a al menos tres mujeres integrantes del cuerpo de seguridad.<\/p>\n\n\n\n<p>En 2018 se evidenci\u00f3 uno de los casos (de Jeanett C. N.) y por el que incluso en julio de ese a\u00f1o la Defensor\u00eda de los Derechos Humanos del Pueblo de Oaxaca abri\u00f3 el expediente DDHPO\/1390\/(01)\/OAX\/2018.<\/p>\n\n\n\n<p>A trav\u00e9s de ese expediente, el organismo inform\u00f3 a la Secretar\u00eda de Seguridad P\u00fablica &#8211;en ese entonces a cargo de Jos\u00e9 Raymundo Tu\u00f1\u00f3n&#8211; de los hechos y solicit\u00f3 que los servidores p\u00fablicos se\u00f1alados de acoso sexual y de violaci\u00f3n a los derechos humanos rindiera de manera detallada y completa la declaraci\u00f3n o informe.<\/p>\n\n\n\n<p>As\u00ed tambi\u00e9n, la DDHPO solicit\u00f3 medidas cautelares o precautorias a favor de las agraviadas y se instruyera al comisario jefe Meinardo Cruz y dem\u00e1s servidores p\u00fablicos part\u00edcipes de los hechos a abstenerse de causar por s\u00ed mismo o a trav\u00e9s de otra persona actos de molestia.<\/p>\n\n\n\n<p>Otro de los casos, del que tambi\u00e9n existe queja en la Defensor\u00eda, fue el de la polic\u00eda Nayelly A. S.; por no prestarse a los chantajes, ambas mujeres fueron enviadas a comunidades alejadas del estado, como forma de castigo, adem\u00e1s de retenerles el salario.<\/p>\n\n\n\n<p>No obstante, en ese a\u00f1o, en diciembre, Meinardo Cruz Ram\u00edrez s\u00f3lo fue remitido a otra sede y designado como Comisionado de Seguridad del Gobierno del Estado en la Comisaria de Seguridad P\u00fablica Municipal de Tuxtepec.<\/p>\n\n\n\n<p>Meinardo presuntamente &#8211;seg\u00fan los propios uniformados&#8211; fue uno de los promotores del paro de labores de la Polic\u00eda Estatal y es impulsado por Jos\u00e9 Manuel Vera Salinas, actual responsable del Secretariado Ejecutivo del Sistema Estatal de Seguridad P\u00fablica de Oaxaca.<\/p>\n","protected":false},"excerpt":{"rendered":"<p>Yuridiana Sosa\/Zona Roja. Oaxaca de Ju\u00e1rez, Oax., 29 de marzo de 2021.- Tras el fin&hellip;<\/p>\n","protected":false},"author":2,"featured_media":25310,"comment_status":"closed","ping_status":"open","sticky":false,"template":"","format":"standard","meta":{"_lmt_disableupdate":"","_lmt_disable":"","_jetpack_memberships_contains_paid_content":false,"footnotes":""},"categories":[109,47],"tags":[2561],"class_list":["post-25309","post","type-post","status-publish","format-standard","has-post-thumbnail","hentry","category-minuto-a-minuto","category-zona-gris","tag-meinardo-cruz-ramirez"],"jetpack_featured_media_url":"https:\/\/zonaroja.com.mx\/wp-content\/uploads\/2021\/03\/Meinardo-Cruz-Ramirez.jpg","jetpack_sharing_enabled":true,"_links":{"self":[{"href":"https:\/\/zonaroja.com.mx\/index.php?rest_route=\/wp\/v2\/posts\/25309","targetHints":{"allow":["GET"]}}],"collection":[{"href":"https:\/\/zonaroja.com.mx\/index.php?rest_route=\/wp\/v2\/posts"}],"about":[{"href":"https:\/\/zonaroja.com.mx\/index.php?rest_route=\/wp\/v2\/types\/post"}],"author":[{"embeddable":true,"href":"https:\/\/zonaroja.com.mx\/index.php?rest_route=\/wp\/v2\/users\/2"}],"replies":[{"embeddable":true,"href":"https:\/\/zonaroja.com.mx\/index.php?rest_route=%2Fwp%2Fv2%2Fcomments&post=25309"}],"version-history":[{"count":1,"href":"https:\/\/zonaroja.com.mx\/index.php?rest_route=\/wp\/v2\/posts\/25309\/revisions"}],"predecessor-version":[{"id":25311,"href":"https:\/\/zonaroja.com.mx\/index.php?rest_route=\/wp\/v2\/posts\/25309\/revisions\/25311"}],"wp:featuredmedia":[{"embeddable":true,"href":"https:\/\/zonaroja.com.mx\/index.php?rest_route=\/wp\/v2\/media\/25310"}],"wp:attachment":[{"href":"https:\/\/zonaroja.com.mx\/index.php?rest_route=%2Fwp%2Fv2%2Fmedia&parent=25309"}],"wp:term":[{"taxonomy":"category","embeddable":true,"href":"https:\/\/zonaroja.com.mx\/index.php?rest_route=%2Fwp%2Fv2%2Fcategories&post=25309"},{"taxonomy":"post_tag","embeddable":true,"href":"https:\/\/zonaroja.com.mx\/index.php?rest_route=%2Fwp%2Fv2%2Ftags&post=25309"}],"curies":[{"name":"wp","href":"https:\/\/api.w.org\/{rel}","templated":true}]}}