{"id":25312,"date":"2021-03-29T21:50:57","date_gmt":"2021-03-30T03:50:57","guid":{"rendered":"http:\/\/www.zonaroja.com.mx\/?p=25312"},"modified":"2021-03-29T21:51:01","modified_gmt":"2021-03-30T03:51:01","slug":"inicia-oaxaca-semana-en-semaforo-amarillo-con-tres-decesos-y-17-positivos","status":"publish","type":"post","link":"https:\/\/zonaroja.com.mx\/?p=25312","title":{"rendered":"Inicia Oaxaca semana en sem\u00e1foro amarillo con tres decesos y 17 positivos"},"content":{"rendered":"\n<p>Redacci\u00f3n\/Zona Roja.<\/p>\n\n\n\n<p>Oaxaca de Ju\u00e1rez, Oax., 29 de marzo de 2021.- Este lunes, el estado de Oaxaca inici\u00f3 dos semanas en sem\u00e1foro epidemiol\u00f3gico amarillo &#8211;que significa riesgo moderado de contraer el Covid-19&#8211; con tres decesos y 17 casos positivs.<\/p>\n\n\n\n<p>De acuerdo con los Servicios de Salud de la entidad, a la fecha suma 43 mil 448 casos acumulados en la entidad.<\/p>\n\n\n\n<p>La instituci\u00f3n a\u00f1adi\u00f3 que a la fecha hay 68 mil 753 notificaciones, cuatro mil 577 sospechosos, 39 mil 921 personas se han recuperado y lamentablemente hay un total de tres mil 221 fallecimientos.<\/p>\n\n\n\n<p>Inform\u00f3 que la Jurisdicci\u00f3n Sanitaria Valles Centrales contabiliza 29 mil 764 confirmados y mil 704 defunciones; Istmo tres mil 590 y 521 fallecimientos; Tuxtepec dos mil 769 y 333 muertes; Costa dos mil 136 y 218 v\u00edctimas; Mixteca tres mil 670 y 306 decesos; Sierra mil 519 y 139 defunciones.<\/p>\n\n\n\n<p>Indic\u00f3 que en este mismo periodo se identificaron 29 municipios con presencia de contagios nuevos, siendo Oaxaca de Ju\u00e1rez el que mayor n\u00famero de contagios presenta con 16, San Juan Bautista Tuxtepec con nueve, Heroica Ciudad de Huajuapan de Le\u00f3n con ocho, Salina Cruz con cinco, as\u00ed como Santa Cruz Xoxocotl\u00e1n y Santa Luc\u00eda del Camino con cuatro, respectivamente; el resto tres, dos y uno. La localidad de Santa Catarina Tayata notifica por primera vez un caso.<\/p>\n\n\n\n<figure class=\"wp-block-embed-twitter wp-block-embed is-type-rich is-provider-twitter\"><div class=\"wp-block-embed__wrapper\">\n<div class=\"twitter-tweet\"><blockquote class=\"twitter-tweet\" data-lang=\"es\"><p lang=\"es\" dir=\"ltr\"><a href=\"https:\/\/twitter.com\/hashtag\/%C3%9AltimoMinuto?src=hash&amp;ref_src=twsrc%5Etfw\">#\u00daltimoMinuto<\/a><br>El estado de <a href=\"https:\/\/twitter.com\/hashtag\/Oaxaca?src=hash&amp;ref_src=twsrc%5Etfw\">#Oaxaca<\/a> registr\u00f3 este lunes 17 casos positivos, para un total de 43 mil 448 casos confirmados; adem\u00e1s, tres fallecimientos con lo que el n\u00famero de decesos aumenta a tres mil 221; hay seis hospitales saturados de pacientes.<a href=\"https:\/\/twitter.com\/hashtag\/Qu%C3%A9dateEnCasa?src=hash&amp;ref_src=twsrc%5Etfw\">#Qu\u00e9dateEnCasa<\/a> <a href=\"https:\/\/t.co\/3mcT9s6lcp\">pic.twitter.com\/3mcT9s6lcp<\/a><\/p>&mdash; Zona Roja Oaxaca (@Zona_Roja_Oax) <a href=\"https:\/\/twitter.com\/Zona_Roja_Oax\/status\/1376720227745038338?ref_src=twsrc%5Etfw\">30 de marzo de 2021<\/a><\/blockquote><\/div>\n<\/div><\/figure>\n\n\n\n<p>Agreg\u00f3 que hay 306 casos activos, 202 pertenecen a Valles Centrales, 29 a la Mixteca, 28 al Istmo, 20 a la Costa, 19 a Tuxtepec y ocho a la Sierra.<\/p>\n\n\n\n<p>En relaci\u00f3n a la ocupaci\u00f3n hospitalaria, dijo que, de las 602 camas para la atenci\u00f3n de la pandemia, 175 est\u00e1n ocupadas, lo que representa el 29.1% de saturaci\u00f3n m\u00e9dica. A la fecha hay seis hospitales con el 100% de ocupaci\u00f3n y se ingresaron a 29 nuevos pacientes a la red m\u00e9dica, durante el fin de semana.<\/p>\n\n\n\n<p>Se\u00f1al\u00f3 que de los Eventos Supuestamente Atribuibles a la Vacunaci\u00f3n o Inmunizaci\u00f3n (ESAVI) contra el COVID-19, al corte del 27 de marzo, se notificaron 551 casos acumulados de la vacuna Pfizer-BioNTech, de los cuales cinco fueron graves, cuatro mujeres de 26, 35, 38 y 56 a\u00f1os de edad y un hombre de 26 a\u00f1os, quienes ya se encuentran fuera de peligro.<\/p>\n\n\n\n<p>Respecto al inmunol\u00f3gico de la farmac\u00e9utica AztraZeneca, se tiene la cifra de nueve casos acumulados de ESAVI, los cuales presentaron s\u00edntomas en etapa no grave, cinco mujeres y cuatro hombres, y de la vacuna SINOVAC se reportaron cinco notificaciones, de esta cifra cuatro fueron no graves, y una mujer de 65 a\u00f1os con s\u00edndrome doloroso abdominal y dificultad respiratoria, quien se encuentra recibiendo atenci\u00f3n hospitalaria.<\/p>\n","protected":false},"excerpt":{"rendered":"<p>Redacci\u00f3n\/Zona Roja. Oaxaca de Ju\u00e1rez, Oax., 29 de marzo de 2021.- Este lunes, el estado&hellip;<\/p>\n","protected":false},"author":2,"featured_media":25313,"comment_status":"closed","ping_status":"open","sticky":false,"template":"","format":"standard","meta":{"_lmt_disableupdate":"","_lmt_disable":"","_jetpack_memberships_contains_paid_content":false,"footnotes":""},"categories":[109,47],"tags":[1512],"class_list":["post-25312","post","type-post","status-publish","format-standard","has-post-thumbnail","hentry","category-minuto-a-minuto","category-zona-gris","tag-coronavirus-oaxaca"],"jetpack_featured_media_url":"https:\/\/zonaroja.com.mx\/wp-content\/uploads\/2021\/03\/SSO-1-6.jpeg","jetpack_sharing_enabled":true,"_links":{"self":[{"href":"https:\/\/zonaroja.com.mx\/index.php?rest_route=\/wp\/v2\/posts\/25312","targetHints":{"allow":["GET"]}}],"collection":[{"href":"https:\/\/zonaroja.com.mx\/index.php?rest_route=\/wp\/v2\/posts"}],"about":[{"href":"https:\/\/zonaroja.com.mx\/index.php?rest_route=\/wp\/v2\/types\/post"}],"author":[{"embeddable":true,"href":"https:\/\/zonaroja.com.mx\/index.php?rest_route=\/wp\/v2\/users\/2"}],"replies":[{"embeddable":true,"href":"https:\/\/zonaroja.com.mx\/index.php?rest_route=%2Fwp%2Fv2%2Fcomments&post=25312"}],"version-history":[{"count":1,"href":"https:\/\/zonaroja.com.mx\/index.php?rest_route=\/wp\/v2\/posts\/25312\/revisions"}],"predecessor-version":[{"id":25314,"href":"https:\/\/zonaroja.com.mx\/index.php?rest_route=\/wp\/v2\/posts\/25312\/revisions\/25314"}],"wp:featuredmedia":[{"embeddable":true,"href":"https:\/\/zonaroja.com.mx\/index.php?rest_route=\/wp\/v2\/media\/25313"}],"wp:attachment":[{"href":"https:\/\/zonaroja.com.mx\/index.php?rest_route=%2Fwp%2Fv2%2Fmedia&parent=25312"}],"wp:term":[{"taxonomy":"category","embeddable":true,"href":"https:\/\/zonaroja.com.mx\/index.php?rest_route=%2Fwp%2Fv2%2Fcategories&post=25312"},{"taxonomy":"post_tag","embeddable":true,"href":"https:\/\/zonaroja.com.mx\/index.php?rest_route=%2Fwp%2Fv2%2Ftags&post=25312"}],"curies":[{"name":"wp","href":"https:\/\/api.w.org\/{rel}","templated":true}]}}