{"id":25316,"date":"2021-03-30T09:00:00","date_gmt":"2021-03-30T15:00:00","guid":{"rendered":"http:\/\/www.zonaroja.com.mx\/?p=25316"},"modified":"2021-03-29T21:57:39","modified_gmt":"2021-03-30T03:57:39","slug":"acusan-a-morena-de-violar-lineamientos-de-paridad-de-genero-en-candidaturas","status":"publish","type":"post","link":"https:\/\/zonaroja.com.mx\/?p=25316","title":{"rendered":"Acusan a Morena de violar lineamientos de paridad de g\u00e9nero en candidaturas"},"content":{"rendered":"\n<p>Redacci\u00f3n\/Estado 20.<\/p>\n\n\n\n<p>Oaxaca de Ju\u00e1rez, Oax., 30 de marzo de 2021.- Precandidatas a las diputaciones locales acusaron al Partido Morena de no respetar los lineamientos en materia de paridad de g\u00e9nero emitidos por el Instituto Estatal Electoral y de Participaci\u00f3n Ciudadana de Oaxaca (IEEPCO).<\/p>\n\n\n\n<p>En un comunicado, denunciaron que el partido debi\u00f3 designar las candidaturas para cada g\u00e9nero con base a criterios de competitividad y las cuales son espec\u00edficas para cada partido o coalici\u00f3n electoral.<\/p>\n\n\n\n<p>Los lineamientos del IEEPCO establecen que el partido pol\u00edtico o coalici\u00f3n deber\u00e1 postular seis personas de un g\u00e9nero y seis de otro, de manera intercalada iniciando con el g\u00e9nero femenino en los 12 distritos electorales locales catalogados como m\u00e1s competitivos; y deber\u00e1 seguir el mismo principio para los distritos menos competitivos, postulando siete personas de un g\u00e9nero y seis del otro.<\/p>\n\n\n\n<p>Para este proceso electoral, adem\u00e1s, se estableci\u00f3 que el 54 por ciento de las candidaturas a las diputaciones locales deber\u00e1n corresponder a mujeres; es decir, 14 de las 25 candidaturas a una curul en el Congreso del Estado.<\/p>\n\n\n\n<p>Adem\u00e1s, tras aprobarse los lineamientos en materia de paridad de g\u00e9nero, se\u00f1alaron que la Sala Superior del Tribunal Electoral del Poder Judicial de la Federaci\u00f3n (TEPJF) obliga a los partidos pol\u00edticos a postular en cada segmento de competitividad, el 35% de candidaturas de personas ind\u00edgenas y\/o afromexicanas, 5% a favor de personas con discapacidad f\u00edsica permanente o sensorial, 10% a favor de las personas mayores de 60 a\u00f1os y 10% para las y los j\u00f3venes.<\/p>\n\n\n\n<p>\u201cEs incre\u00edble la manera tan sucia en que este partido est\u00e1 violentando los derechos tanto de hombres como de mujeres, de pueblos ind\u00edgenas y sectores vulnerables.<\/p>\n\n\n\n<p>\u201cAl ser contrarias a las disposiciones de la autoridad electoral ni siquiera deber\u00edan ser aceptadas sin embargo todo apunta a que casi la mitad de candidaturas sean impugnables\u201d, denunciaron mediante un pronunciamiento.<\/p>\n\n\n\n<p>Entre las postulaciones en las que no se tom\u00f3 en cuenta los lineamientos del IEEPCO respecto a la asignaci\u00f3n por g\u00e9nero, mencionaron la candidatura de Melina Hern\u00e1ndez Sosa, candidata a la diputaci\u00f3n por el distrito electoral 9 con cabecera en Ixtl\u00e1n de Ju\u00e1rez.<\/p>\n\n\n\n<p>Asimismo, citaron la candidatura en el distrito 14 Oaxaca de Ju\u00e1rez Norte en el que se debi\u00f3 postular a una mujer y el candidato es un hombre, Luis Alfonso Silva Romo, quien busca la reelecci\u00f3n; el mismo caso en el distrito 21 Huajuapan de Le\u00f3n donde el candidato es Timoteo V\u00e1squez Cruz.<\/p>\n\n\n\n<p>Y en las candidaturas de Haydee Reyes Soto por el distrito 17 Tlacolula de Matamoros, Elisa Zepeda Lagunas por el distrito 4 de Teotitl\u00e1n de Flores Mag\u00f3n, Horacio Sosa Villavicencio por el distrito 16 Zimatl\u00e1n de \u00c1lvarez, Francisco Javier Ni\u00f1o Hern\u00e1ndez por el distrito 3 Loma Bonita, Rosalina L\u00f3pez Garc\u00eda por el distrito 11 Mat\u00edas Romero, Reyna Victoria Jim\u00e9nez por el distrito 20 Juchit\u00e1n de Zaragoza, Jaime Mois\u00e9s Santiago Ambrosio por el distrito 24 de Miahuatl\u00e1n de Porfirio D\u00edaz, Leticia Socorro Collado por el distrito 6 Huajuapan de Le\u00f3n, Tania Caballero Navarro del distrito 5 Asunci\u00f3n Nochixtl\u00e1n y Bartolo Carrera Palacios por el distrito 1 Acatl\u00e1n de P\u00e9rez Figueroa.<\/p>\n","protected":false},"excerpt":{"rendered":"<p>Redacci\u00f3n\/Estado 20. Oaxaca de Ju\u00e1rez, Oax., 30 de marzo de 2021.- Precandidatas a las diputaciones&hellip;<\/p>\n","protected":false},"author":2,"featured_media":25317,"comment_status":"closed","ping_status":"open","sticky":false,"template":"","format":"standard","meta":{"_lmt_disableupdate":"","_lmt_disable":"","_jetpack_memberships_contains_paid_content":false,"footnotes":""},"categories":[109,47],"tags":[871],"class_list":["post-25316","post","type-post","status-publish","format-standard","has-post-thumbnail","hentry","category-minuto-a-minuto","category-zona-gris","tag-partido-morena-oaxaca"],"jetpack_featured_media_url":"https:\/\/zonaroja.com.mx\/wp-content\/uploads\/2021\/03\/Protestas-Morena.jpg","jetpack_sharing_enabled":true,"_links":{"self":[{"href":"https:\/\/zonaroja.com.mx\/index.php?rest_route=\/wp\/v2\/posts\/25316","targetHints":{"allow":["GET"]}}],"collection":[{"href":"https:\/\/zonaroja.com.mx\/index.php?rest_route=\/wp\/v2\/posts"}],"about":[{"href":"https:\/\/zonaroja.com.mx\/index.php?rest_route=\/wp\/v2\/types\/post"}],"author":[{"embeddable":true,"href":"https:\/\/zonaroja.com.mx\/index.php?rest_route=\/wp\/v2\/users\/2"}],"replies":[{"embeddable":true,"href":"https:\/\/zonaroja.com.mx\/index.php?rest_route=%2Fwp%2Fv2%2Fcomments&post=25316"}],"version-history":[{"count":1,"href":"https:\/\/zonaroja.com.mx\/index.php?rest_route=\/wp\/v2\/posts\/25316\/revisions"}],"predecessor-version":[{"id":25318,"href":"https:\/\/zonaroja.com.mx\/index.php?rest_route=\/wp\/v2\/posts\/25316\/revisions\/25318"}],"wp:featuredmedia":[{"embeddable":true,"href":"https:\/\/zonaroja.com.mx\/index.php?rest_route=\/wp\/v2\/media\/25317"}],"wp:attachment":[{"href":"https:\/\/zonaroja.com.mx\/index.php?rest_route=%2Fwp%2Fv2%2Fmedia&parent=25316"}],"wp:term":[{"taxonomy":"category","embeddable":true,"href":"https:\/\/zonaroja.com.mx\/index.php?rest_route=%2Fwp%2Fv2%2Fcategories&post=25316"},{"taxonomy":"post_tag","embeddable":true,"href":"https:\/\/zonaroja.com.mx\/index.php?rest_route=%2Fwp%2Fv2%2Ftags&post=25316"}],"curies":[{"name":"wp","href":"https:\/\/api.w.org\/{rel}","templated":true}]}}