{"id":25325,"date":"2021-03-30T08:00:25","date_gmt":"2021-03-30T14:00:25","guid":{"rendered":"http:\/\/www.zonaroja.com.mx\/?p=25325"},"modified":"2021-03-29T22:27:18","modified_gmt":"2021-03-30T04:27:18","slug":"el-poder-judicial-suma-esfuerzos-a-favor-de-la-cultura-de-la-paz","status":"publish","type":"post","link":"https:\/\/zonaroja.com.mx\/?p=25325","title":{"rendered":"El Poder Judicial suma esfuerzos a favor de la cultura de la paz"},"content":{"rendered":"\n<p>Redacci\u00f3n\/Zona Roja.<\/p>\n\n\n\n<p>Oaxaca de Ju\u00e1rez, Oax., 30 de marzo de 2021.- El Poder Judicial del Estado, la Comisi\u00f3n Iberoamericana de Derechos Humanos para el Desarrollo de las Am\u00e9ricas (CIDHPDA) y Okeh Mex, ambas asociadas a la Organizaci\u00f3n de las Naciones Unidas (ONU), as\u00ed como la Red Internacional Buckner, sostuvieron reuni\u00f3n de trabajo, en las sinergias para impulsar un trabajo conjunto a favor de la educaci\u00f3n, la prevenci\u00f3n del delito y violencia de g\u00e9nero, desarrollo humano, seguridad, cultura de la paz y fortalecimiento de la familia.<\/p>\n\n\n\n<p>En el encuentro, el magistrado Presidente, Eduardo Pinacho Sanchez, acompa\u00f1ado del director de Derechos Humanos del Consejo de la Judicatura, doctor V\u00edctor Leonel Juan Mart\u00ednez, refrend\u00f3 la disposici\u00f3n de su administraci\u00f3n de apoyarse en estas organizaciones y establecer con ellas un dialogo social que genere alianzas en temas prioritarios para la instituci\u00f3n responsable de administrar justicia.<\/p>\n\n\n\n<p>Se\u00f1al\u00f3 que de esta forma, escuchando a diferentes sectores como las universidades, barras, colegios, asociaciones de abogados, grupos defensores de los derechos de las mujeres y otros m\u00e1s, ha podido conocer la percepci\u00f3n que tienen del Poder Judicial e iniciar una reingenier\u00eda y una nueva filosof\u00eda al interior, as\u00ed como realizar una labor interinstitucional, sumar recursos, experiencias y buenas pr\u00e1cticas en la atenci\u00f3n a los grupos m\u00e1s vulnerables.<\/p>\n\n\n\n<p>Ante el Comisionado para Am\u00e9rica Latina y el Caribe para el Desarrollo de las Am\u00e9ricas (CDIHPDA), doctor V\u00edctor Hugo Guti\u00e9rrez Y\u00e1\u00f1ez; el comisionado presidente en el estado de Oaxaca, teniente Manuel Guzm\u00e1n Garc\u00eda y el notario p\u00fablico n\u00famero 48, Eusebio Alfonso Silva Lucio, puntualiz\u00f3 su objetivo de establecer una nueva filosof\u00eda en el Poder Judicial.<\/p>\n\n\n\n<p>En presencia tambi\u00e9n del director y subdirectora nacional de Buckner M\u00e9xico, Juan Carlos Mill\u00e1n S\u00e1nchez y doctora Lilibeth Santiago P\u00e9rez, respectivamente; la coordinadora nacional de Permanencia Familiar de Buckner M\u00e9xico, licenciada Adriana Gabriela Romero y representantes de la Guardia Nacional que les apoyan en materia de seguridad cibern\u00e9tica, respald\u00f3 la propuesta de integrar mesas de trabajo con la finalidad de que en un dialogo social, se generen alianzas en temas prioritarios.<\/p>\n\n\n\n<p>En entrevista, el Comisionado para Am\u00e9rica Latina y el Caribe para el Desarrollo de las Am\u00e9ricas (CDIHPDA), V\u00edctor Hugo Guti\u00e9rrez Y\u00e1\u00f1ez, reconoci\u00f3 la disposici\u00f3n y apertura del titular del Poder Judicial para colaborar con esta agrupaci\u00f3n. \u201cSabemos que tiene una visi\u00f3n muy clara en diferentes temas como el de la justicia alternativa, en la b\u00fasqueda de la no judicializaci\u00f3n de asuntos\u201d, coment\u00f3.<\/p>\n\n\n\n<p>Con la finalidad de dar continuidad a los trabajos se nombr\u00f3 al director de Derechos Humanos del Consejo de la Judicatura como enlace con las agrupaciones.<\/p>\n","protected":false},"excerpt":{"rendered":"<p>Redacci\u00f3n\/Zona Roja. Oaxaca de Ju\u00e1rez, Oax., 30 de marzo de 2021.- El Poder Judicial del&hellip;<\/p>\n","protected":false},"author":2,"featured_media":25326,"comment_status":"closed","ping_status":"open","sticky":false,"template":"","format":"standard","meta":{"_lmt_disableupdate":"","_lmt_disable":"","_jetpack_memberships_contains_paid_content":false,"footnotes":""},"categories":[109,46],"tags":[223],"class_list":["post-25325","post","type-post","status-publish","format-standard","has-post-thumbnail","hentry","category-minuto-a-minuto","category-zona-blanca","tag-poder-judicial-de-oaxaca"],"jetpack_featured_media_url":"https:\/\/zonaroja.com.mx\/wp-content\/uploads\/2021\/03\/02-Reunion-de-trabajo.jpg","jetpack_sharing_enabled":true,"_links":{"self":[{"href":"https:\/\/zonaroja.com.mx\/index.php?rest_route=\/wp\/v2\/posts\/25325","targetHints":{"allow":["GET"]}}],"collection":[{"href":"https:\/\/zonaroja.com.mx\/index.php?rest_route=\/wp\/v2\/posts"}],"about":[{"href":"https:\/\/zonaroja.com.mx\/index.php?rest_route=\/wp\/v2\/types\/post"}],"author":[{"embeddable":true,"href":"https:\/\/zonaroja.com.mx\/index.php?rest_route=\/wp\/v2\/users\/2"}],"replies":[{"embeddable":true,"href":"https:\/\/zonaroja.com.mx\/index.php?rest_route=%2Fwp%2Fv2%2Fcomments&post=25325"}],"version-history":[{"count":1,"href":"https:\/\/zonaroja.com.mx\/index.php?rest_route=\/wp\/v2\/posts\/25325\/revisions"}],"predecessor-version":[{"id":25327,"href":"https:\/\/zonaroja.com.mx\/index.php?rest_route=\/wp\/v2\/posts\/25325\/revisions\/25327"}],"wp:featuredmedia":[{"embeddable":true,"href":"https:\/\/zonaroja.com.mx\/index.php?rest_route=\/wp\/v2\/media\/25326"}],"wp:attachment":[{"href":"https:\/\/zonaroja.com.mx\/index.php?rest_route=%2Fwp%2Fv2%2Fmedia&parent=25325"}],"wp:term":[{"taxonomy":"category","embeddable":true,"href":"https:\/\/zonaroja.com.mx\/index.php?rest_route=%2Fwp%2Fv2%2Fcategories&post=25325"},{"taxonomy":"post_tag","embeddable":true,"href":"https:\/\/zonaroja.com.mx\/index.php?rest_route=%2Fwp%2Fv2%2Ftags&post=25325"}],"curies":[{"name":"wp","href":"https:\/\/api.w.org\/{rel}","templated":true}]}}