{"id":2533,"date":"2019-07-26T08:58:20","date_gmt":"2019-07-26T13:58:20","guid":{"rendered":"http:\/\/www.zonaroja.com.mx\/?p=2533"},"modified":"2019-07-26T08:58:23","modified_gmt":"2019-07-26T13:58:23","slug":"siguen-sin-rescatar-a-retenidos-en-guila-temen-hayan-sido-asesinados","status":"publish","type":"post","link":"https:\/\/zonaroja.com.mx\/?p=2533","title":{"rendered":"Siguen sin rescatar a retenidos en G\u00fcil\u00e1; temen hayan sido asesinados"},"content":{"rendered":"\n<p>Redacci\u00f3n<\/p>\n\n\n\n<p>Oaxaca de\nJu\u00e1rez, Oax., 26 de julio de 2019.- A 20 d\u00edas de su desaparici\u00f3n, familiares no\ntienen noticias de las tres personas retenidas-desaparecidas en Rancho San\nFelipe G\u00fcil\u00e1, Santiago Matatl\u00e1n, Tlacolula.<\/p>\n\n\n\n<p>El s\u00e1bado 6\nde julio, M\u00f3nica Guzm\u00e1n Soriano, Jos\u00e9 Luis Cruz y Everardo Cruz Ruiz, hab\u00edan\nido a recorrer la Ruta del Mezcal, para adquirir esa bebida para una\ncelebraci\u00f3n familiar.<\/p>\n\n\n\n<p>En esa\nb\u00fasqueda llegaron a San Felipe G\u00fcil\u00e1, pero despu\u00e9s del mediod\u00eda no se supo m\u00e1s\nde ello, tras una llamada de M\u00f3nica a sus familiares, que ped\u00eda ayuda pues una\nturba los ven\u00eda siguiendo.<\/p>\n\n\n\n<p>Luego del\nesc\u00e1ndalo medi\u00e1tico, fue hasta el 11 de julio en que la Fiscal\u00eda General del\nEstado emiti\u00f3 un comunicado, aunque dijo que la desaparici\u00f3n ocurri\u00f3 el d\u00eda 7,\nno el 6 como se\u00f1alaron los familiares:<\/p>\n\n\n\n<p>\u201cLa Fiscal\u00eda\ninici\u00f3 investigaci\u00f3n por la probable desaparici\u00f3n de tres personas en la\ncomunidad de San Felipe G\u00fcil\u00e1, perteneciente al municipio de Santiago Matatl\u00e1n\nen los Valles Centrales, motivo por el que se inici\u00f3 la carpeta de\ninvestigaci\u00f3n 23181\/FEDH\/FDPE\/2019, en contra de quien o quienes resulten\nresponsables por el delito de desaparici\u00f3n.<\/p>\n\n\n\n<p>\u201cAsimismo, desde\nque conoci\u00f3 de los hechos inici\u00f3 investigaciones por desaparici\u00f3n,&nbsp; prepar\u00f3 con el apoyo de diversas\ninstituciones federales y estatales (Polic\u00eda Estatal, Polic\u00eda Federal, Sedena,\nBomberos, Instituto de Servicios Periciales, Secretar\u00eda General de\nGobierno,&nbsp; Coordinaci\u00f3n de Derechos\nHumanos) y familiares de las v\u00edctimas, un Plan de B\u00fasqueda, el cual ya puso en\nmarcha, dise\u00f1ado para localizar a estas tres personas, mismas que fueron reportadas\ncomo desaparecidas el pasado domingo 7 de julio, de acuerdo con declaraci\u00f3n de\nfamiliares de dos de las v\u00edctimas\u201d.<\/p>\n\n\n\n<p>En\ndeclaraciones a la prensa en d\u00edas posteriores, el gobernador Alejandro Murat\nHinojosa dijo que fue informado que los tres desaparecidos cometieron un delito\nen la comunidad.<\/p>\n\n\n\n<p>No obstante,\na 20 d\u00edas el plan de b\u00fasqueda a\u00fan no se ha implementado y los familiares temen\nque ya los hayan asesinado y enterrado de manera clandestina.<\/p>\n\n\n\n<p>El pasado mi\u00e9rcoles\nen entrevista en la calle por parte del periodista Said Hern\u00e1ndez, de la\nrevista \u201cTuc\u00e1n\u201d, el fiscal se limit\u00f3 a responder:<\/p>\n\n\n\n<p>\u201cEstamos\ntrabajando mucho el asunto junto con la familia, tenemos iniciada una\ninvestigaci\u00f3n realizando varias actuaciones ministeriales y policiales en los\n\u00faltimos d\u00edas, confeccionado ya un plan de b\u00fasqueda, estamos trabajando mucho el\nasunto\u201d.<\/p>\n\n\n\n<p>&#8211;\u00bfYa est\u00e1n\nmuertos?<\/p>\n\n\n\n<p>&#8211;No podemos\nasegurar eso, vamos a hacer como toda b\u00fasqueda, una b\u00fasqueda en vida.<\/p>\n\n\n\n<p>-Pero ya son\nmuchos d\u00edas de\u2026<\/p>\n\n\n\n<p>&#8211;Nosotros la responsabilidad, as\u00ed lo impone el ordenamiento jur\u00eddico, de considerar que las personas desaparecidas est\u00e1n con vida, as\u00ed estamos preparando un plan de b\u00fasqueda y as\u00ed vamos a actuar.<\/p>\n\n\n\n<figure class=\"wp-block-embed-twitter wp-block-embed is-type-rich is-provider-twitter\"><div class=\"wp-block-embed__wrapper\">\n<div class=\"twitter-tweet\"><blockquote class=\"twitter-tweet\" data-lang=\"es\"><p lang=\"es\" dir=\"ltr\">Los desaparecidos de San Felipe G\u00fcil\u00e1. &quot;Seguimos trabajando en el caso&quot;, dice <a href=\"https:\/\/twitter.com\/RVasconcelosM?ref_src=twsrc%5Etfw\">@RVasconcelosM<\/a> <a href=\"https:\/\/t.co\/ao3JnL1ala\">https:\/\/t.co\/ao3JnL1ala<\/a> <a href=\"https:\/\/t.co\/MuERIJGwsH\">pic.twitter.com\/MuERIJGwsH<\/a><\/p>&mdash; Tuc\u00e1n Oaxaca (@Revista_Tucan) <a href=\"https:\/\/twitter.com\/Revista_Tucan\/status\/1154204619171459072?ref_src=twsrc%5Etfw\">25 de julio de 2019<\/a><\/blockquote><\/div>\n<\/div><\/figure>\n","protected":false},"excerpt":{"rendered":"<p>Redacci\u00f3n Oaxaca de Ju\u00e1rez, Oax., 26 de julio de 2019.- A 20 d\u00edas de su&hellip;<\/p>\n","protected":false},"author":2,"featured_media":2534,"comment_status":"closed","ping_status":"open","sticky":false,"template":"","format":"standard","meta":{"_lmt_disableupdate":"","_lmt_disable":"","_jetpack_memberships_contains_paid_content":false,"footnotes":""},"categories":[109,51],"tags":[329],"class_list":["post-2533","post","type-post","status-publish","format-standard","has-post-thumbnail","hentry","category-minuto-a-minuto","category-zona-roja","tag-desaparecidos-san-felipe-guila"],"jetpack_featured_media_url":"https:\/\/zonaroja.com.mx\/wp-content\/uploads\/2019\/07\/Desaparecidos-G\u00fcil\u00e1.jpg","jetpack_sharing_enabled":true,"_links":{"self":[{"href":"https:\/\/zonaroja.com.mx\/index.php?rest_route=\/wp\/v2\/posts\/2533","targetHints":{"allow":["GET"]}}],"collection":[{"href":"https:\/\/zonaroja.com.mx\/index.php?rest_route=\/wp\/v2\/posts"}],"about":[{"href":"https:\/\/zonaroja.com.mx\/index.php?rest_route=\/wp\/v2\/types\/post"}],"author":[{"embeddable":true,"href":"https:\/\/zonaroja.com.mx\/index.php?rest_route=\/wp\/v2\/users\/2"}],"replies":[{"embeddable":true,"href":"https:\/\/zonaroja.com.mx\/index.php?rest_route=%2Fwp%2Fv2%2Fcomments&post=2533"}],"version-history":[{"count":1,"href":"https:\/\/zonaroja.com.mx\/index.php?rest_route=\/wp\/v2\/posts\/2533\/revisions"}],"predecessor-version":[{"id":2535,"href":"https:\/\/zonaroja.com.mx\/index.php?rest_route=\/wp\/v2\/posts\/2533\/revisions\/2535"}],"wp:featuredmedia":[{"embeddable":true,"href":"https:\/\/zonaroja.com.mx\/index.php?rest_route=\/wp\/v2\/media\/2534"}],"wp:attachment":[{"href":"https:\/\/zonaroja.com.mx\/index.php?rest_route=%2Fwp%2Fv2%2Fmedia&parent=2533"}],"wp:term":[{"taxonomy":"category","embeddable":true,"href":"https:\/\/zonaroja.com.mx\/index.php?rest_route=%2Fwp%2Fv2%2Fcategories&post=2533"},{"taxonomy":"post_tag","embeddable":true,"href":"https:\/\/zonaroja.com.mx\/index.php?rest_route=%2Fwp%2Fv2%2Ftags&post=2533"}],"curies":[{"name":"wp","href":"https:\/\/api.w.org\/{rel}","templated":true}]}}