{"id":25337,"date":"2021-03-30T16:35:09","date_gmt":"2021-03-30T22:35:09","guid":{"rendered":"https:\/\/www.zonaroja.com.mx\/?p=25337"},"modified":"2021-03-30T16:35:11","modified_gmt":"2021-03-30T22:35:11","slug":"productores-de-leche-fresca-en-el-istmo-tiran-el-lacteo-en-protesta-por-desatencion","status":"publish","type":"post","link":"https:\/\/zonaroja.com.mx\/?p=25337","title":{"rendered":"Productores de leche fresca en el Istmo tiran el l\u00e1cteo, en protesta por desatenci\u00f3n"},"content":{"rendered":"\n<p class=\"MsoNormal\">Yuridiana Sosa\/Zona Roja. <\/p>\n\n\n\n<p class=\"MsoNormal\">Oaxaca de Ju\u00e1rez, Oax., 30 de marzo de 2021.- Productores locales de leche de la regi\u00f3n del Istmo en Oaxaca, protestaron por segundo d\u00eda con un bloqueo carretero y riego de cientos de litros de l\u00e1cteo ante el cierre temporal del Centro de Acopio Liconsa. <\/p>\n\n\n\n<p class=\"MsoNormal\">\u201cAndr\u00e9s Manuel L\u00f3pez Obrador, esta no es una manera de ayudar al campo ni la ganader\u00eda\u201d, expresaron los inconformes durante su segundo d\u00eda de manifestaci\u00f3n sobre la carretera federal Trans\u00edstmica, a la altura de Boca del Monte de San Juan Guichicovi.<\/p>\n\n\n\n<p class=\"MsoNormal\">Los productores indicaron que el Centro de Acopio Liconsa cerr\u00f3 por temporada vacacional, sin embargo, su actividad no depende de los periodos del a\u00f1o, pues es una labor diaria de la que dependen decenas de familias para obtener sus ingresos.<\/p>\n\n\n\n<p class=\"MsoNormal\">Durante la jornada de protesta los ganaderos han regado cientos de litros de leche sobre la vialidad, as\u00ed como en el acceso al centro de acopio, donde reafirmaron su rechazo la encargada del lugar, Adriana Beteta Ram\u00edrez.<\/p>\n\n\n\n<p class=\"MsoNormal\">Pues apuntaron que ese lugar debe funcionar todos los d\u00edas, pues los productores hacen su m\u00e1ximo esfuerzo por entregar leche de calidad que cumpla con los est\u00e1ndares establecidos.<\/p>\n\n\n\n<p class=\"MsoNormal\">Pero esta no ha sido la \u00fanica queja, el pasado 5 de marzo tambi\u00e9n se manifestaron por el retiro de una pipa recolectora en beneficio de los ganaderos, la dej\u00f3 de prestar el servicio sin ninguna explicaci\u00f3n.<\/p>\n\n\n\n<p class=\"MsoNormal\">Los afectados exigen al gobierno del estado atenci\u00f3n y que designe a las \u00e1reas correspondientes funcionarios con perfiles que sepan atender las necesidades de la poblaci\u00f3n.<\/p>\n","protected":false},"excerpt":{"rendered":"<p>Yuridiana Sosa\/Zona Roja. Oaxaca de Ju\u00e1rez, Oax., 30 de marzo de 2021.- Productores locales de&hellip;<\/p>\n","protected":false},"author":2,"featured_media":25336,"comment_status":"closed","ping_status":"open","sticky":false,"template":"","format":"standard","meta":{"_lmt_disableupdate":"","_lmt_disable":"","_jetpack_memberships_contains_paid_content":false,"footnotes":""},"categories":[109,47],"tags":[],"class_list":["post-25337","post","type-post","status-publish","format-standard","has-post-thumbnail","hentry","category-minuto-a-minuto","category-zona-gris"],"jetpack_featured_media_url":"https:\/\/zonaroja.com.mx\/wp-content\/uploads\/2021\/03\/6d898834-809a-4cbf-bbcd-265e70d084b0.jpg","jetpack_sharing_enabled":true,"_links":{"self":[{"href":"https:\/\/zonaroja.com.mx\/index.php?rest_route=\/wp\/v2\/posts\/25337","targetHints":{"allow":["GET"]}}],"collection":[{"href":"https:\/\/zonaroja.com.mx\/index.php?rest_route=\/wp\/v2\/posts"}],"about":[{"href":"https:\/\/zonaroja.com.mx\/index.php?rest_route=\/wp\/v2\/types\/post"}],"author":[{"embeddable":true,"href":"https:\/\/zonaroja.com.mx\/index.php?rest_route=\/wp\/v2\/users\/2"}],"replies":[{"embeddable":true,"href":"https:\/\/zonaroja.com.mx\/index.php?rest_route=%2Fwp%2Fv2%2Fcomments&post=25337"}],"version-history":[{"count":1,"href":"https:\/\/zonaroja.com.mx\/index.php?rest_route=\/wp\/v2\/posts\/25337\/revisions"}],"predecessor-version":[{"id":25338,"href":"https:\/\/zonaroja.com.mx\/index.php?rest_route=\/wp\/v2\/posts\/25337\/revisions\/25338"}],"wp:featuredmedia":[{"embeddable":true,"href":"https:\/\/zonaroja.com.mx\/index.php?rest_route=\/wp\/v2\/media\/25336"}],"wp:attachment":[{"href":"https:\/\/zonaroja.com.mx\/index.php?rest_route=%2Fwp%2Fv2%2Fmedia&parent=25337"}],"wp:term":[{"taxonomy":"category","embeddable":true,"href":"https:\/\/zonaroja.com.mx\/index.php?rest_route=%2Fwp%2Fv2%2Fcategories&post=25337"},{"taxonomy":"post_tag","embeddable":true,"href":"https:\/\/zonaroja.com.mx\/index.php?rest_route=%2Fwp%2Fv2%2Ftags&post=25337"}],"curies":[{"name":"wp","href":"https:\/\/api.w.org\/{rel}","templated":true}]}}