{"id":25340,"date":"2021-03-30T17:38:55","date_gmt":"2021-03-30T23:38:55","guid":{"rendered":"https:\/\/www.zonaroja.com.mx\/?p=25340"},"modified":"2021-03-30T17:38:58","modified_gmt":"2021-03-30T23:38:58","slug":"pide-diputada-liberacion-de-indigena-defensor-del-medio-ambiente","status":"publish","type":"post","link":"https:\/\/zonaroja.com.mx\/?p=25340","title":{"rendered":"Pide diputada liberaci\u00f3n de ind\u00edgena defensor del medio ambiente"},"content":{"rendered":"\n<p>Evlin Arag\u00f3n\/Zona Roja. <\/p>\n\n\n\n<p>O acaba de Ju\u00e1rez, Oax., 30 de marzo de 2021.- La diputada local por Morena, Magaly L\u00f3pez Dom\u00ednguez, se pronunci\u00f3 por la liberaci\u00f3n de Pablo L\u00f3pez Alav\u00e9s, defensor ind\u00edgena zapoteco detenido arbitraria y violentamente el 15 de agosto del 2010, por defender los recursos naturales de su comunidad.  <\/p>\n\n\n\n<p>\u201cPablo L\u00f3pez Alav\u00e9s fue detenido en agosto del 2010, v\u00edctima de un sistema dise\u00f1ado para castigar a quienes se oponen al poder pol\u00edtico y econ\u00f3mico\u201d, refiri\u00f3 la legisladora en la m\u00e1s reciente sesi\u00f3n de la 64 Legislatura local.&nbsp;<\/p>\n\n\n\n<p>Durante su participaci\u00f3n en tribuna, denunci\u00f3 grav\u00edsimas violaciones al debido proceso avaladas incluso, en el 2015, por la Defensor\u00eda de los Derechos Humanos del Pueblo de Oaxaca (DDHPO), y por las cuales se debieron desestimar las pruebas de cargo en contra del ind\u00edgena zapoteca.&nbsp;&nbsp;<\/p>\n\n\n\n<p>Las mismas irregularidades han sido reconocidas, desde el 2017, por organismos internacionales como la ONU que calific\u00f3 como arbitraria la detenci\u00f3n y asegur\u00f3 que la misma se deriva de su actividad como defensor del territorio y medio ambiente, de ah\u00ed que solicitaron la liberaci\u00f3n inmediata, misma que no ha sucedido.&nbsp;&nbsp;<\/p>\n\n\n\n<p>L\u00f3pez Dom\u00ednguez se\u00f1al\u00f3 que, desde hace cinco meses, la defensa de L\u00f3pez Alav\u00e9s promovi\u00f3 un \u00faltimo recurso jur\u00eddico que a\u00fan no tiene asignada ni fecha, ni sala, por lo cual pidi\u00f3 la intervenci\u00f3n del Poder Judicial del Estado de manera urgente.&nbsp;<\/p>\n\n\n\n<p>\u201cEs urgente que el Poder Judicial del Estado tome en cuenta no solo las pruebas que debieron ser desestimadas despu\u00e9s de la recomendaci\u00f3n de la Defensor\u00eda, es urgente que el Poder Judicial valore la pruebas que, a la luz, fueron construidas de manera ilegitima por funcionarios que formaban parte de un sistema corrupto\u201d, dijo.&nbsp;&nbsp;<\/p>\n\n\n\n<p>Finalmente lament\u00f3 que, a\u00fan hoy en d\u00eda, las y los defensores del territorio y medio ambiente sigan siendo v\u00edctimas de represalias por parte de las autoridades que ven en estas personas un enemigo que hay que eliminar, sin siquiera analizar la raz\u00f3n de sus leg\u00edtimas protestas.&nbsp;&nbsp;<\/p>\n\n\n\n<p>Pablo L\u00f3pez Alav\u00e9s fue detenido en 2010, cerca del R\u00edo Virgen en su comunidad San Isidro Alo\u00e1pam, Oaxaca. Desde entonces se encuentra arbitrariamente privado de su libertad con acusaciones fabricadas de homicidio. <\/p>\n\n\n\n<p>Previamente, encabezaba las denuncias contra la tala ilegal de \u00e1rboles y las exigencias a las autoridades estatales de conservar el bosque.&nbsp;&nbsp;<\/p>\n\n\n\n<p>De acuerdo con el Grupo de Trabajo sobre Detenci\u00f3n Arbitraria de las Naciones Unidas, su detenci\u00f3n ejemplifica la criminalizaci\u00f3n como consecuencia de la leg\u00edtima labor de defensa de la tierra y el territorio, por lo que han solicitado su liberaci\u00f3n y reparaci\u00f3n del da\u00f1o.&nbsp;<\/p>\n\n\n\n<p>Sin embargo, en noviembre del 2018, se confirm\u00f3 la sentencia a 30 a\u00f1os de prisi\u00f3n. <\/p>\n","protected":false},"excerpt":{"rendered":"<p>Evlin Arag\u00f3n\/Zona Roja. O acaba de Ju\u00e1rez, Oax., 30 de marzo de 2021.- La diputada&hellip;<\/p>\n","protected":false},"author":2,"featured_media":25339,"comment_status":"closed","ping_status":"open","sticky":false,"template":"","format":"standard","meta":{"_lmt_disableupdate":"","_lmt_disable":"","_jetpack_memberships_contains_paid_content":false,"footnotes":""},"categories":[109,46],"tags":[192],"class_list":["post-25340","post","type-post","status-publish","format-standard","has-post-thumbnail","hentry","category-minuto-a-minuto","category-zona-blanca","tag-diputada-magaly-lopez-dominguez"],"jetpack_featured_media_url":"https:\/\/zonaroja.com.mx\/wp-content\/uploads\/2021\/03\/img_2961.jpg","jetpack_sharing_enabled":true,"_links":{"self":[{"href":"https:\/\/zonaroja.com.mx\/index.php?rest_route=\/wp\/v2\/posts\/25340","targetHints":{"allow":["GET"]}}],"collection":[{"href":"https:\/\/zonaroja.com.mx\/index.php?rest_route=\/wp\/v2\/posts"}],"about":[{"href":"https:\/\/zonaroja.com.mx\/index.php?rest_route=\/wp\/v2\/types\/post"}],"author":[{"embeddable":true,"href":"https:\/\/zonaroja.com.mx\/index.php?rest_route=\/wp\/v2\/users\/2"}],"replies":[{"embeddable":true,"href":"https:\/\/zonaroja.com.mx\/index.php?rest_route=%2Fwp%2Fv2%2Fcomments&post=25340"}],"version-history":[{"count":1,"href":"https:\/\/zonaroja.com.mx\/index.php?rest_route=\/wp\/v2\/posts\/25340\/revisions"}],"predecessor-version":[{"id":25341,"href":"https:\/\/zonaroja.com.mx\/index.php?rest_route=\/wp\/v2\/posts\/25340\/revisions\/25341"}],"wp:featuredmedia":[{"embeddable":true,"href":"https:\/\/zonaroja.com.mx\/index.php?rest_route=\/wp\/v2\/media\/25339"}],"wp:attachment":[{"href":"https:\/\/zonaroja.com.mx\/index.php?rest_route=%2Fwp%2Fv2%2Fmedia&parent=25340"}],"wp:term":[{"taxonomy":"category","embeddable":true,"href":"https:\/\/zonaroja.com.mx\/index.php?rest_route=%2Fwp%2Fv2%2Fcategories&post=25340"},{"taxonomy":"post_tag","embeddable":true,"href":"https:\/\/zonaroja.com.mx\/index.php?rest_route=%2Fwp%2Fv2%2Ftags&post=25340"}],"curies":[{"name":"wp","href":"https:\/\/api.w.org\/{rel}","templated":true}]}}