{"id":25345,"date":"2021-03-30T19:00:06","date_gmt":"2021-03-31T01:00:06","guid":{"rendered":"https:\/\/www.zonaroja.com.mx\/?p=25345"},"modified":"2021-03-30T19:00:10","modified_gmt":"2021-03-31T01:00:10","slug":"continuan-desapariciones-de-mujeres-en-oaxaca-en-marzo-van-19-casos","status":"publish","type":"post","link":"https:\/\/zonaroja.com.mx\/?p=25345","title":{"rendered":"Contin\u00faan desapariciones de mujeres en Oaxaca; en marzo van 19 casos"},"content":{"rendered":"\n<p>Evlin Arag\u00f3n\/Zona Roja.<\/p>\n\n\n\n<p>Oa ac\u00e1 de Ju\u00e1rez, Oax., 30 de marzo de 2021.- \u201cPor favor, ayudemos a localizarla, es mi vecina y lamentablemente no la localizan desde que particip\u00f3 en una manifestaci\u00f3n en el municipio en contra del abuso de fuerza de la polic\u00eda\u201d. <\/p>\n\n\n\n<p>Es el mensaje que acompa\u00f1a la ficha de b\u00fasqueda de Claudia Uruchurtu Cruz, 48 a\u00f1os de edad, vista por \u00faltima vez el pasado 26 de marzo en Asunci\u00f3n Nochixtlan, en la regi\u00f3n Mixteca.&nbsp;&nbsp;<\/p>\n\n\n\n<p>Minutos antes se hab\u00eda compartido tambi\u00e9n la ficha de Ruth Karina, de 23 a\u00f1os de edad, desaparecida en Tlacolula de Matamoros y localizadas horas m\u00e1s tarde.&nbsp;&nbsp;<\/p>\n\n\n\n<p>Tan solo en el mes de marzo, la Unidad de B\u00fasqueda de Personas Desaparecidas y No Localizadas (DNOL), ha emitido 19 fichas con fotograf\u00edas e informaci\u00f3n de mujeres reportadas por sus familiares.&nbsp;<\/p>\n\n\n\n<p>Catorce han sido localizadas y cinco siguen desaparecidas, por lo que su ficha de b\u00fasqueda sigue activa.&nbsp;&nbsp;<\/p>\n\n\n\n<p>Se trata de Andrea Cruz Santana, de 22 a\u00f1os de edad, desaparecida el 20 de marzo en la colonia El Marinero, perteneciente al municipio de Santa Mar\u00eda Colotepec, Pochutla.&nbsp;&nbsp;<\/p>\n\n\n\n<p>Laura Yesenia Santiago Alav\u00e9s, de 19 a\u00f1os, vista por \u00faltima vez el 17 de marzo en el Barrio Chico, San Juan Colorado, Jamiltepec.&nbsp;&nbsp;<\/p>\n\n\n\n<p>Virgen de la Cruz Castillo, de 83 a\u00f1os de edad, a quien sus familiares le perdieron el rastro el 13 de marzo, en el barrio Santa Cruz Tagolaba, perteneciente a Santo Domingo Tehuantepec.&nbsp;<\/p>\n\n\n\n<p>As\u00ed mismo, Lizbeth L\u00f3pez Mendoza, de 23 a\u00f1os, desaparecida el primero de marzo en el paraje \u201cLa Cantinflora\u201d, del municipio de Chalcatongo de Hidalgo, Tlaxiaco, quien adem\u00e1s iba en compa\u00f1\u00eda de su hija Vanessa de un a\u00f1o de edad.&nbsp;&nbsp;<\/p>\n\n\n\n<p>Sin embargo, de acuerdo con las cifras de la organizaci\u00f3n feminista Consorcio Oaxaca, la cifra de mujeres desaparecidas durante este mes de marzo, asciende a 32, por lo que en 13 casos no habr\u00eda ficha emitida por la autoridad correspondiente, dependiente de la Fiscal\u00eda General de Justicia.&nbsp;&nbsp;<\/p>\n\n\n\n<p>A las 32 desapariciones recientes, se suma 37 m\u00e1s en el mes de febrero y 25 en enero, haciendo un total de 95 casos reportados durante este 2021 en los medios de comunicaci\u00f3n.&nbsp;<\/p>\n\n\n\n<p>As\u00ed mismo refiere mil 149 desapariciones de mujeres en lo que va de la administraci\u00f3n de Alejandro Murat Hinojosa.  <\/p>\n","protected":false},"excerpt":{"rendered":"<p>Evlin Arag\u00f3n\/Zona Roja. Oa ac\u00e1 de Ju\u00e1rez, Oax., 30 de marzo de 2021.- \u201cPor favor,&hellip;<\/p>\n","protected":false},"author":2,"featured_media":25344,"comment_status":"closed","ping_status":"open","sticky":false,"template":"","format":"standard","meta":{"_lmt_disableupdate":"","_lmt_disable":"","_jetpack_memberships_contains_paid_content":false,"footnotes":""},"categories":[109,47],"tags":[642],"class_list":["post-25345","post","type-post","status-publish","format-standard","has-post-thumbnail","hentry","category-minuto-a-minuto","category-zona-gris","tag-personas-desaparecidas-oaxaca"],"jetpack_featured_media_url":"https:\/\/zonaroja.com.mx\/wp-content\/uploads\/2021\/03\/img_9072.jpg","jetpack_sharing_enabled":true,"_links":{"self":[{"href":"https:\/\/zonaroja.com.mx\/index.php?rest_route=\/wp\/v2\/posts\/25345","targetHints":{"allow":["GET"]}}],"collection":[{"href":"https:\/\/zonaroja.com.mx\/index.php?rest_route=\/wp\/v2\/posts"}],"about":[{"href":"https:\/\/zonaroja.com.mx\/index.php?rest_route=\/wp\/v2\/types\/post"}],"author":[{"embeddable":true,"href":"https:\/\/zonaroja.com.mx\/index.php?rest_route=\/wp\/v2\/users\/2"}],"replies":[{"embeddable":true,"href":"https:\/\/zonaroja.com.mx\/index.php?rest_route=%2Fwp%2Fv2%2Fcomments&post=25345"}],"version-history":[{"count":1,"href":"https:\/\/zonaroja.com.mx\/index.php?rest_route=\/wp\/v2\/posts\/25345\/revisions"}],"predecessor-version":[{"id":25346,"href":"https:\/\/zonaroja.com.mx\/index.php?rest_route=\/wp\/v2\/posts\/25345\/revisions\/25346"}],"wp:featuredmedia":[{"embeddable":true,"href":"https:\/\/zonaroja.com.mx\/index.php?rest_route=\/wp\/v2\/media\/25344"}],"wp:attachment":[{"href":"https:\/\/zonaroja.com.mx\/index.php?rest_route=%2Fwp%2Fv2%2Fmedia&parent=25345"}],"wp:term":[{"taxonomy":"category","embeddable":true,"href":"https:\/\/zonaroja.com.mx\/index.php?rest_route=%2Fwp%2Fv2%2Fcategories&post=25345"},{"taxonomy":"post_tag","embeddable":true,"href":"https:\/\/zonaroja.com.mx\/index.php?rest_route=%2Fwp%2Fv2%2Ftags&post=25345"}],"curies":[{"name":"wp","href":"https:\/\/api.w.org\/{rel}","templated":true}]}}