{"id":25347,"date":"2021-03-31T07:23:02","date_gmt":"2021-03-31T13:23:02","guid":{"rendered":"http:\/\/www.zonaroja.com.mx\/?p=25347"},"modified":"2021-03-31T07:23:05","modified_gmt":"2021-03-31T13:23:05","slug":"virus-latente-en-semana-santa-este-martes-91-casos-nuevos-y-12-muertes","status":"publish","type":"post","link":"https:\/\/zonaroja.com.mx\/?p=25347","title":{"rendered":"Virus latente en Semana Santa: este martes, 91 casos nuevos y 12 muertes"},"content":{"rendered":"\n<p>Redacci\u00f3n\/Zona Roja.<\/p>\n\n\n\n<p>Oaxaca de Ju\u00e1rez, Oax. 31 de marzo de 2021.- La dependencia Servicios de Salud de Oaxaca (SSO) inform\u00f3 que al corte de este martes 30 de marzo se han registrado 91 casos nuevos de Covid-19 que suman 43 mil 539 casos acumulados, hay 299 activos.<\/p>\n\n\n\n<p>Se\u00f1al\u00f3 que se han notificado 68 mil 991, de los cuales 20 mil 813 son negativos, hay cuatro mil 639 sospechosos, 40 mil 07 se han recuperado y 12 nuevos decesos que suman tres mil 233 acumulados.<\/p>\n\n\n\n<p>Dijo que la Jurisdicci\u00f3n Sanitaria n\u00famero uno Valles Centrales contabiliza 29 mil 795 casos confirmados y mil 711 defunciones, el Istmo con tres mil 599 y 521 defunciones, Tuxtepec dos mil 786 y 334 defunciones, Costa dos mil 140 y 222 defunciones, Mixteca tres mil 700 y 306 defunciones y la Sierra mil 519 y 139 defunciones.<\/p>\n\n\n\n<p>Los 91 casos nuevos se distribuyen en 28 municipios, siendo los que mayor n\u00famero registran: Huajuapan de Le\u00f3n 22; San Juan Bautista Tuxtepec 17; Oaxaca de Ju\u00e1rez 13; Santa Cruz Xoxocotl\u00e1n cuatro; Juchit\u00e1n de Zaragoza, Santa Luc\u00eda del Camino y Santiago Juxtlahuaca tres cada uno, el resto dos y un caso.<\/p>\n\n\n\n<p>A\u00f1adi\u00f3 que de las tres mil 233 defunciones, el grupo de edad m\u00e1s afectado es el de 65 y m\u00e1s a\u00f1os, seguido de 50 a 59 y 60 a 64 a\u00f1os, con mil 524, 726 y 474 respectivamente. Por sexo, dos mil 98 son hombres y mil 135 mujeres. Las comorbilidades asociadas son la hipertensi\u00f3n arterial, seguida de diabetes, obesidad e insuficiencia renal.<\/p>\n\n\n\n<p>Mencion\u00f3 que en relaci\u00f3n a la ocupaci\u00f3n hospitalaria hay un 27.9% global, con seis hospitales al 100% y 22 nuevos hospitalizados.<\/p>\n","protected":false},"excerpt":{"rendered":"<p>Redacci\u00f3n\/Zona Roja. Oaxaca de Ju\u00e1rez, Oax. 31 de marzo de 2021.- La dependencia Servicios de&hellip;<\/p>\n","protected":false},"author":2,"featured_media":25348,"comment_status":"closed","ping_status":"open","sticky":false,"template":"","format":"standard","meta":{"_lmt_disableupdate":"","_lmt_disable":"","_jetpack_memberships_contains_paid_content":false,"footnotes":""},"categories":[109,47],"tags":[1512],"class_list":["post-25347","post","type-post","status-publish","format-standard","has-post-thumbnail","hentry","category-minuto-a-minuto","category-zona-gris","tag-coronavirus-oaxaca"],"jetpack_featured_media_url":"https:\/\/zonaroja.com.mx\/wp-content\/uploads\/2021\/03\/SSO-1-1-3.jpeg","jetpack_sharing_enabled":true,"_links":{"self":[{"href":"https:\/\/zonaroja.com.mx\/index.php?rest_route=\/wp\/v2\/posts\/25347","targetHints":{"allow":["GET"]}}],"collection":[{"href":"https:\/\/zonaroja.com.mx\/index.php?rest_route=\/wp\/v2\/posts"}],"about":[{"href":"https:\/\/zonaroja.com.mx\/index.php?rest_route=\/wp\/v2\/types\/post"}],"author":[{"embeddable":true,"href":"https:\/\/zonaroja.com.mx\/index.php?rest_route=\/wp\/v2\/users\/2"}],"replies":[{"embeddable":true,"href":"https:\/\/zonaroja.com.mx\/index.php?rest_route=%2Fwp%2Fv2%2Fcomments&post=25347"}],"version-history":[{"count":1,"href":"https:\/\/zonaroja.com.mx\/index.php?rest_route=\/wp\/v2\/posts\/25347\/revisions"}],"predecessor-version":[{"id":25349,"href":"https:\/\/zonaroja.com.mx\/index.php?rest_route=\/wp\/v2\/posts\/25347\/revisions\/25349"}],"wp:featuredmedia":[{"embeddable":true,"href":"https:\/\/zonaroja.com.mx\/index.php?rest_route=\/wp\/v2\/media\/25348"}],"wp:attachment":[{"href":"https:\/\/zonaroja.com.mx\/index.php?rest_route=%2Fwp%2Fv2%2Fmedia&parent=25347"}],"wp:term":[{"taxonomy":"category","embeddable":true,"href":"https:\/\/zonaroja.com.mx\/index.php?rest_route=%2Fwp%2Fv2%2Fcategories&post=25347"},{"taxonomy":"post_tag","embeddable":true,"href":"https:\/\/zonaroja.com.mx\/index.php?rest_route=%2Fwp%2Fv2%2Ftags&post=25347"}],"curies":[{"name":"wp","href":"https:\/\/api.w.org\/{rel}","templated":true}]}}