{"id":25350,"date":"2021-03-31T07:48:42","date_gmt":"2021-03-31T13:48:42","guid":{"rendered":"http:\/\/www.zonaroja.com.mx\/?p=25350"},"modified":"2021-03-31T07:48:45","modified_gmt":"2021-03-31T13:48:45","slug":"ex-mando-de-la-policia-federal-regresa-a-la-policia-estatal-de-oaxaca","status":"publish","type":"post","link":"https:\/\/zonaroja.com.mx\/?p=25350","title":{"rendered":"Ex mando de la Polic\u00eda Federal regresa a la Polic\u00eda Estatal de Oaxaca"},"content":{"rendered":"\n<p>Redacci\u00f3n\/Zona Roja.<\/p>\n\n\n\n<p>Oaxaca de Ju\u00e1rez, Oax., 31 de marzo de 2021.- El neolon\u00e9s Ra\u00fal Castillenos Sol\u00eds regres\u00f3 al mando de la Polic\u00eda Estatal de Oaxaca, para sustituir al oaxaque\u00f1o Francisco Santiago Jos\u00e9, quien fue destituido tras el paro de nueve d\u00edas de un grupo de elementos de la corporaci\u00f3n.<\/p>\n\n\n\n<p>El nuevo responsable de la fuerza policiaca dependiente de la Secretar\u00eda de Seguridad P\u00fablica de Oaxaca fue jefe de Divisi\u00f3n Regional de la Polic\u00eda Federal.<\/p>\n\n\n\n<p>La primera ocasi\u00f3n que ingres\u00f3 a la Polic\u00eda Estatal fue el 7 de julio de 2019, en que le tom\u00f3 protesta el actual secretario Ra\u00fal Ernesto Salcedo Rosales. El 10 de febrero fue reemplazado por Santiago Jos\u00e9, ayer destituido.<\/p>\n\n\n\n<p>De acuerdo con un comunicado de prensa, la noche de ayer martes, por acuerdo del gobernador Alejandro Murat, el titular de la Secretar\u00eda General de Gobierno le tom\u00f3 protesta a Castillejos Sol\u00eds.<\/p>\n\n\n\n<p>El nuevo comisionado es licenciado en Derecho y Ciencias Social, egresado de la Universidad Aut\u00f3noma de Nuevo Le\u00f3n; cuenta con una amplia experiencia al frente de instituciones en materia de seguridad, llegando a ser Jefe de Divisi\u00f3n de Seguridad Regional de la Polic\u00eda Federal.<\/p>\n\n\n\n<p>Por su destacado desempe\u00f1o tambi\u00e9n cuenta con condecoraciones como el \u201cHonoris Causa\u201d emitido por el Consejo Federal de Desarrollo Policial y la Condecoraci\u00f3n al M\u00e9rito Policial de Primera Clase.<\/p>\n","protected":false},"excerpt":{"rendered":"<p>Redacci\u00f3n\/Zona Roja. Oaxaca de Ju\u00e1rez, Oax., 31 de marzo de 2021.- El neolon\u00e9s Ra\u00fal Castillenos&hellip;<\/p>\n","protected":false},"author":2,"featured_media":25351,"comment_status":"closed","ping_status":"open","sticky":false,"template":"","format":"standard","meta":{"_lmt_disableupdate":"","_lmt_disable":"","_jetpack_memberships_contains_paid_content":false,"footnotes":""},"categories":[109,46],"tags":[2562],"class_list":["post-25350","post","type-post","status-publish","format-standard","has-post-thumbnail","hentry","category-minuto-a-minuto","category-zona-blanca","tag-raul-castillejos-solis"],"jetpack_featured_media_url":"https:\/\/zonaroja.com.mx\/wp-content\/uploads\/2021\/03\/Raul-Castillejos-Solis.jpg","jetpack_sharing_enabled":true,"_links":{"self":[{"href":"https:\/\/zonaroja.com.mx\/index.php?rest_route=\/wp\/v2\/posts\/25350","targetHints":{"allow":["GET"]}}],"collection":[{"href":"https:\/\/zonaroja.com.mx\/index.php?rest_route=\/wp\/v2\/posts"}],"about":[{"href":"https:\/\/zonaroja.com.mx\/index.php?rest_route=\/wp\/v2\/types\/post"}],"author":[{"embeddable":true,"href":"https:\/\/zonaroja.com.mx\/index.php?rest_route=\/wp\/v2\/users\/2"}],"replies":[{"embeddable":true,"href":"https:\/\/zonaroja.com.mx\/index.php?rest_route=%2Fwp%2Fv2%2Fcomments&post=25350"}],"version-history":[{"count":1,"href":"https:\/\/zonaroja.com.mx\/index.php?rest_route=\/wp\/v2\/posts\/25350\/revisions"}],"predecessor-version":[{"id":25352,"href":"https:\/\/zonaroja.com.mx\/index.php?rest_route=\/wp\/v2\/posts\/25350\/revisions\/25352"}],"wp:featuredmedia":[{"embeddable":true,"href":"https:\/\/zonaroja.com.mx\/index.php?rest_route=\/wp\/v2\/media\/25351"}],"wp:attachment":[{"href":"https:\/\/zonaroja.com.mx\/index.php?rest_route=%2Fwp%2Fv2%2Fmedia&parent=25350"}],"wp:term":[{"taxonomy":"category","embeddable":true,"href":"https:\/\/zonaroja.com.mx\/index.php?rest_route=%2Fwp%2Fv2%2Fcategories&post=25350"},{"taxonomy":"post_tag","embeddable":true,"href":"https:\/\/zonaroja.com.mx\/index.php?rest_route=%2Fwp%2Fv2%2Ftags&post=25350"}],"curies":[{"name":"wp","href":"https:\/\/api.w.org\/{rel}","templated":true}]}}