{"id":25356,"date":"2021-03-31T08:19:26","date_gmt":"2021-03-31T14:19:26","guid":{"rendered":"http:\/\/www.zonaroja.com.mx\/?p=25356"},"modified":"2021-03-31T08:19:29","modified_gmt":"2021-03-31T14:19:29","slug":"opinion-el-error-del-regimen-de-la-transicion","status":"publish","type":"post","link":"https:\/\/zonaroja.com.mx\/?p=25356","title":{"rendered":"Opini\u00f3n. El error del r\u00e9gimen de la transici\u00f3n"},"content":{"rendered":"\n<p>Gibr\u00e1n Ram\u00edrez Reyes*<\/p>\n\n\n\n<p>Antes de que en julio de 2018 se votara la disyuntiva entre transformaci\u00f3n o continuidad, \u00e9sta tuvo que ser madurada durante m\u00e1s de un decenio. El r\u00e9gimen neoliberal tuvo su forma pol\u00edtica en el tripartidismo producto de la mal llamada transici\u00f3n a la democracia, que fue en realidad un tr\u00e1nsito al pluralismo cuya concesi\u00f3n a la izquierda fue dejarla existir y ocupar un lugar en las instituciones.<\/p>\n\n\n\n<p>Poco a poco, dichas instituciones fueron amold\u00e1ndose: una vez claro el equilibrio de los votos, se configuraron mediante cuota las instituciones del Poder Legislativo, los organismos aut\u00f3nomos (particularmente el IFE), el Poder Judicial.<\/p>\n\n\n\n<p>En el Senado, por ejemplo, funcion\u00f3 as\u00ed en los \u00faltimos tiempos: la Junta de Coordinaci\u00f3n Pol\u00edtica para el PAN, la mesa directiva para el PRI, el Belisario Dom\u00ednguez para el PRD. Y as\u00ed se rotaban.<\/p>\n\n\n\n<p>La culminaci\u00f3n de este proceso fue, sin lugar a duda, el Pacto Por M\u00e9xico, que profundiz\u00f3 el neoliberalismo con las reformas que le hac\u00edan falta. Pero para entonces hab\u00eda ya un enorme elefante en la sala.<\/p>\n\n\n\n<p>En 2006 se hizo patente una regla informal del r\u00e9gimen pol\u00edtico: la izquierda solo podr\u00eda ser socia minoritaria en la empresa de la transici\u00f3n, pero jam\u00e1s aspirar a gobernar el pa\u00eds. Hab\u00eda pluralismo, pero no democracia.<\/p>\n\n\n\n<p>Algo pod\u00eda anticiparse desde el sexenio de Carlos Salinas de Gortari, donde qued\u00f3 impune la muerte de cientos de militantes y dirigentes del PRD. Pasado el r\u00edo de sangre y al parecer ya siendo la izquierda aceptada en las instituciones, comenz\u00f3 el ejercicio de la jefatura de Gobierno de L\u00f3pez Obrador, que no se prest\u00f3 a negocios como el del Paraje San Juan, que desobedeci\u00f3 a la Corte y la exhibi\u00f3, que ten\u00eda una popularidad que rozaba las nubes y que se tomaba en serio la misi\u00f3n de gobernar para los pobres, con decencia y Estado de derecho.<\/p>\n\n\n\n<p>Muy pronto su figura result\u00f3 inasimilable para la simulaci\u00f3n transicionista y vino el fraude de 2006 y el respaldo de toda la intelectualidad de la transici\u00f3n al atraco con argumentos leguleyos.<\/p>\n\n\n\n<p>En 2012, Pe\u00f1a Nieto fue elegido presidente rompiendo buena parte de las reglas, particularmente los l\u00edmites de gasto, de manera obscena. Imaginen que el IFE hubiera sido tan quisquilloso como el INE actual contra Morena. Pe\u00f1a no habr\u00eda podido ser ni precandidato.<\/p>\n\n\n\n<p>En ambos casos, esa intelectualidad hizo una reforma al sistema electoral para tapar el pozo una vez muerto el ni\u00f1o. El \u00fanico camino para que se respetara una victoria era que la diferencia de votos fuera masiva, incuestionable, alterar de manera permanente la correlaci\u00f3n de fuerzas del tripartidismo que propici\u00f3 el r\u00e9gimen de la transici\u00f3n.<\/p>\n\n\n\n<p>Y eso fue lo que sucedi\u00f3: la \u00fanica opci\u00f3n era el cambio de r\u00e9gimen. En todo cambio de r\u00e9gimen, es cierto, hay un proceso de destrucci\u00f3n, y la destrucci\u00f3n es siempre dolorosa, sobre todo durante el tiempo que tarde en consolidarse lo nuevo (la nueva pol\u00edtica social, el nuevo orden territorial, la nueva pol\u00edtica educativa, la nueva pol\u00edtica de salud).<\/p>\n\n\n\n<p>Adem\u00e1s, nunca es seguro que lo nuevo avanzar\u00e1 en el sentido del inter\u00e9s p\u00fablico o el bien com\u00fan: hay incertidumbre. Por ello, ahora, a toro pasado, algunos pueden pensar que era mejor reformar el r\u00e9gimen, no cambiarlo: democratizar el pluralismo, por decirlo de alg\u00fan modo. Eso habr\u00eda pasado si en 2006 hubieran dejado avanzar a Andr\u00e9s Manuel y a todos los que vinimos con \u00e9l.<\/p>\n\n\n\n<ul class=\"wp-block-list\"><li>Doctor en Ciencia Pol\u00edtica por la UNAM.<\/li><\/ul>\n","protected":false},"excerpt":{"rendered":"<p>Gibr\u00e1n Ram\u00edrez Reyes* Antes de que en julio de 2018 se votara la disyuntiva entre&hellip;<\/p>\n","protected":false},"author":2,"featured_media":24099,"comment_status":"closed","ping_status":"open","sticky":false,"template":"","format":"standard","meta":{"_lmt_disableupdate":"","_lmt_disable":"","_jetpack_memberships_contains_paid_content":false,"footnotes":""},"categories":[456,109],"tags":[2489],"class_list":["post-25356","post","type-post","status-publish","format-standard","has-post-thumbnail","hentry","category-columna","category-minuto-a-minuto","tag-gibran-ramirez-reyes"],"jetpack_featured_media_url":"https:\/\/zonaroja.com.mx\/wp-content\/uploads\/2021\/02\/Gibran-Ramirez-Reyes.jpg","jetpack_sharing_enabled":true,"_links":{"self":[{"href":"https:\/\/zonaroja.com.mx\/index.php?rest_route=\/wp\/v2\/posts\/25356","targetHints":{"allow":["GET"]}}],"collection":[{"href":"https:\/\/zonaroja.com.mx\/index.php?rest_route=\/wp\/v2\/posts"}],"about":[{"href":"https:\/\/zonaroja.com.mx\/index.php?rest_route=\/wp\/v2\/types\/post"}],"author":[{"embeddable":true,"href":"https:\/\/zonaroja.com.mx\/index.php?rest_route=\/wp\/v2\/users\/2"}],"replies":[{"embeddable":true,"href":"https:\/\/zonaroja.com.mx\/index.php?rest_route=%2Fwp%2Fv2%2Fcomments&post=25356"}],"version-history":[{"count":1,"href":"https:\/\/zonaroja.com.mx\/index.php?rest_route=\/wp\/v2\/posts\/25356\/revisions"}],"predecessor-version":[{"id":25357,"href":"https:\/\/zonaroja.com.mx\/index.php?rest_route=\/wp\/v2\/posts\/25356\/revisions\/25357"}],"wp:featuredmedia":[{"embeddable":true,"href":"https:\/\/zonaroja.com.mx\/index.php?rest_route=\/wp\/v2\/media\/24099"}],"wp:attachment":[{"href":"https:\/\/zonaroja.com.mx\/index.php?rest_route=%2Fwp%2Fv2%2Fmedia&parent=25356"}],"wp:term":[{"taxonomy":"category","embeddable":true,"href":"https:\/\/zonaroja.com.mx\/index.php?rest_route=%2Fwp%2Fv2%2Fcategories&post=25356"},{"taxonomy":"post_tag","embeddable":true,"href":"https:\/\/zonaroja.com.mx\/index.php?rest_route=%2Fwp%2Fv2%2Ftags&post=25356"}],"curies":[{"name":"wp","href":"https:\/\/api.w.org\/{rel}","templated":true}]}}